{"id":16008,"date":"2025-03-09T22:48:06","date_gmt":"2025-03-09T22:48:06","guid":{"rendered":"https:\/\/haberbesiktas.tr\/?p=16008"},"modified":"2025-03-09T22:48:06","modified_gmt":"2025-03-09T22:48:06","slug":"senol-gunesten-uyari-puan-kaybi-mi-asla","status":"publish","type":"post","link":"https:\/\/haberbesiktas.tr\/?p=16008","title":{"rendered":"\u015eenol G\u00fcne\u015f&#8217;ten uyar\u0131: &#8220;Puan kayb\u0131 m\u0131, asla!&#8221;"},"content":{"rendered":"<div>Trabzonspor Teknik Y\u00f6neticisi \u015eenol G\u00fcne\u015f, Trendyol S\u00fcper Lig&#8217;de son 5 ma\u00e7ta 1 beraberlik ve 4 galibiyet alarak \u00e7\u0131k\u0131\u015f yakalayan Ey\u00fcpspor ma\u00e7\u0131 \u00f6ncesinde oyuncular\u0131n\u0131 uyard\u0131.<\/p>\n<p> Yeni transferlerin kadroya kat\u0131lmas\u0131yla birlikte, taraftarlar\u0131 \u00f6n\u00fcnde s\u00fcrpriz ya\u015famak istemeyen tecr\u00fcbeli hoca, ekibine Papara Park&#8217;ta oynayacaklar\u0131 bu kritik m\u00fcsabakada puan kaybetmeye tahamm\u00fcllerinin olmad\u0131\u011f\u0131n\u0131 aktard\u0131. G\u00fcne\u015f, agresif ve tempolu oyun sergilemeleri gerekti\u011fini vurgularken, oyuncular\u0131na rakiplerinin son devirdeki formuna kar\u015f\u0131 dikkatli olmalar\u0131n\u0131 istedi.<\/p>\n<p> Trabzonspor&#8217;un g\u00fc\u00e7l\u00fc oyununu alana yans\u0131tmas\u0131 gerekti\u011fine dikkat \u00e7eken ba\u015far\u0131l\u0131 hoca, galibiyet i\u00e7in kadronun her istikametiyle odaklanarak \u00e7aba etmesi gerekti\u011fini belirtti.<\/p>\n<p> <strong>\u0130ST\u0130KRAR SORUNU<\/strong><\/p>\n<p> \u015eenol G\u00fcne\u015f ile Trabzonspor, S\u00fcper Lig&#8217;de \u00e7\u0131kt\u0131\u011f\u0131 18 ma\u00e7ta 6 galibiyet, 6 beraberlik ve 6 yenilgi ya\u015fad\u0131. F\u0131rt\u0131na istikrar manas\u0131nda bekleneni veremedi ve \u00fcst basamaklara ger\u00e7ek t\u0131rmanma amac\u0131na ula\u015famad\u0131. G\u00fcne\u015f, bu periyotta grubunu atakta \u00fcretken tutarken, savunmada ise vakit zaman a\u00e7\u0131klar verdi.<\/p>\n<p> <strong>GOL ORTALAMASI<\/strong><\/p>\n<p> Bordo mavililer, \u015eenol G\u00fcne\u015f ile ma\u00e7 ba\u015f\u0131na 1.89 gol att\u0131. Ancak 24 gol g\u00f6rd\u00fc. Ma\u00e7 ba\u015f\u0131na 1.33 puan ortalamas\u0131 ise d\u00fc\u015f\u00fck kald\u0131. Galibiyet ortalamas\u0131 %33.33 civar\u0131nda olan deneyimli hoca, her 3 ma\u00e7tan birinde galip gelse de beklentilerin alt\u0131nda kald\u0131.<\/p>\n<\/div>\n","protected":false},"excerpt":{"rendered":"<p>Pazartesi g\u00fcn\u00fc Ey\u00fcpspor&#8217;u a\u011f\u0131rlayacak olan Trabzonspor&#8217;da \u015eenol G\u00fcne\u015f, kadrosunu uyard\u0131: &#8220;Agresif ve tempolu bir futbol sergilemeliyiz. Art\u0131k puan kayb\u0131na asla tahamm\u00fcl\u00fcm\u00fcz yok!&#8221;<\/p>\n","protected":false},"author":1,"featured_media":16009,"comment_status":"open","ping_status":"open","sticky":false,"template":"","format":"standard","meta":{"footnotes":""},"categories":[25],"tags":[480,50],"class_list":["post-16008","post","type-post","status-publish","format-standard","has-post-thumbnail","hentry","category-futbol","tag-gunes","tag-mac"],"_links":{"self":[{"href":"https:\/\/haberbesiktas.tr\/index.php?rest_route=\/wp\/v2\/posts\/16008","targetHints":{"allow":["GET"]}}],"collection":[{"href":"https:\/\/haberbesiktas.tr\/index.php?rest_route=\/wp\/v2\/posts"}],"about":[{"href":"https:\/\/haberbesiktas.tr\/index.php?rest_route=\/wp\/v2\/types\/post"}],"author":[{"embeddable":true,"href":"https:\/\/haberbesiktas.tr\/index.php?rest_route=\/wp\/v2\/users\/1"}],"replies":[{"embeddable":true,"href":"https:\/\/haberbesiktas.tr\/index.php?rest_route=%2Fwp%2Fv2%2Fcomments&post=16008"}],"version-history":[{"count":1,"href":"https:\/\/haberbesiktas.tr\/index.php?rest_route=\/wp\/v2\/posts\/16008\/revisions"}],"predecessor-version":[{"id":16010,"href":"https:\/\/haberbesiktas.tr\/index.php?rest_route=\/wp\/v2\/posts\/16008\/revisions\/16010"}],"wp:featuredmedia":[{"embeddable":true,"href":"https:\/\/haberbesiktas.tr\/index.php?rest_route=\/wp\/v2\/media\/16009"}],"wp:attachment":[{"href":"https:\/\/haberbesiktas.tr\/index.php?rest_route=%2Fwp%2Fv2%2Fmedia&parent=16008"}],"wp:term":[{"taxonomy":"category","embeddable":true,"href":"https:\/\/haberbesiktas.tr\/index.php?rest_route=%2Fwp%2Fv2%2Fcategories&post=16008"},{"taxonomy":"post_tag","embeddable":true,"href":"https:\/\/haberbesiktas.tr\/index.php?rest_route=%2Fwp%2Fv2%2Ftags&post=16008"}],"curies":[{"name":"wp","href":"https:\/\/api.w.org\/{rel}","templated":true}]}}