{"id":16017,"date":"2025-03-09T23:24:05","date_gmt":"2025-03-09T23:24:05","guid":{"rendered":"https:\/\/haberbesiktas.tr\/?p=16017"},"modified":"2025-03-09T23:24:05","modified_gmt":"2025-03-09T23:24:05","slug":"trabzonsporda-son-aday-ugrinic","status":"publish","type":"post","link":"https:\/\/haberbesiktas.tr\/?p=16017","title":{"rendered":"Trabzonspor&#8217;da son aday Ugrinic"},"content":{"rendered":"<div>Transferde h\u0131zlanarak Danylo Sikan, Oleksandr Zubkov ve Mustafa Eskihella\u00e7&#8217;\u0131 renklerine ba\u011flayan Trabzonspor, 8 numara ve stoper i\u00e7in de yeni ataklar yap\u0131l\u0131yor.<\/p>\n<p> Bordo-mavililer, son olarak Filip Ugrinic&#8217;i g\u00fcndemine ald\u0131. 26 ya\u015f\u0131ndaki merkez orta saha, Young Boys&#8217;ta forma giyiyor.<\/p>\n<p> \u0130svi\u00e7re tak\u0131m\u0131 ile 2026 y\u0131l\u0131na kadar kontrat\u0131 bulunan 1.84 uzunlu\u011fundaki futbolcu, menajerler taraf\u0131ndan kul\u00fcbe \u00f6nerildi. Sol kanat ve 10 numara konumlar\u0131nda da vazife yapabilen deneyimli oyuncuya scout grubu de olumlu rapor verdi.<\/p>\n<p> Karadeniz devinin, 3 milyon Euro&#8217;luk bir teklifle Young Boys&#8217;un kap\u0131s\u0131n\u0131 \u00e7almas\u0131 bekleniyor.<\/p>\n<\/div>\n","protected":false},"excerpt":{"rendered":"<p>Trabzonspor, Young Boys&#8217;un 26 ya\u015f\u0131ndaki merkez orta saha Ugrinic i\u00e7in transfer teklifini yapacak.<\/p>\n","protected":false},"author":1,"featured_media":16018,"comment_status":"open","ping_status":"open","sticky":false,"template":"","format":"standard","meta":{"footnotes":""},"categories":[25],"tags":[],"class_list":["post-16017","post","type-post","status-publish","format-standard","has-post-thumbnail","hentry","category-futbol"],"_links":{"self":[{"href":"https:\/\/haberbesiktas.tr\/index.php?rest_route=\/wp\/v2\/posts\/16017","targetHints":{"allow":["GET"]}}],"collection":[{"href":"https:\/\/haberbesiktas.tr\/index.php?rest_route=\/wp\/v2\/posts"}],"about":[{"href":"https:\/\/haberbesiktas.tr\/index.php?rest_route=\/wp\/v2\/types\/post"}],"author":[{"embeddable":true,"href":"https:\/\/haberbesiktas.tr\/index.php?rest_route=\/wp\/v2\/users\/1"}],"replies":[{"embeddable":true,"href":"https:\/\/haberbesiktas.tr\/index.php?rest_route=%2Fwp%2Fv2%2Fcomments&post=16017"}],"version-history":[{"count":1,"href":"https:\/\/haberbesiktas.tr\/index.php?rest_route=\/wp\/v2\/posts\/16017\/revisions"}],"predecessor-version":[{"id":16019,"href":"https:\/\/haberbesiktas.tr\/index.php?rest_route=\/wp\/v2\/posts\/16017\/revisions\/16019"}],"wp:featuredmedia":[{"embeddable":true,"href":"https:\/\/haberbesiktas.tr\/index.php?rest_route=\/wp\/v2\/media\/16018"}],"wp:attachment":[{"href":"https:\/\/haberbesiktas.tr\/index.php?rest_route=%2Fwp%2Fv2%2Fmedia&parent=16017"}],"wp:term":[{"taxonomy":"category","embeddable":true,"href":"https:\/\/haberbesiktas.tr\/index.php?rest_route=%2Fwp%2Fv2%2Fcategories&post=16017"},{"taxonomy":"post_tag","embeddable":true,"href":"https:\/\/haberbesiktas.tr\/index.php?rest_route=%2Fwp%2Fv2%2Ftags&post=16017"}],"curies":[{"name":"wp","href":"https:\/\/api.w.org\/{rel}","templated":true}]}}