{"id":16071,"date":"2025-03-10T03:00:07","date_gmt":"2025-03-10T03:00:07","guid":{"rendered":"https:\/\/haberbesiktas.tr\/?p=16071"},"modified":"2025-03-10T03:00:07","modified_gmt":"2025-03-10T03:00:07","slug":"adana-demirspor-super-ligde-galatasaraya-konuk-olacak","status":"publish","type":"post","link":"https:\/\/haberbesiktas.tr\/?p=16071","title":{"rendered":"Adana Demirspor, S\u00fcper Lig&#8217;de Galatasaray&#8217;a konuk olacak"},"content":{"rendered":"<div>Adana Demirspor, Trendyol Harika Lig&#8217;in 23. haftas\u0131nda deplasmanda Galatasaray ile kar\u015f\u0131la\u015facak.<\/p>\n<p> RAMS Park&#8217;ta saat 19.00&#8217;da ba\u015flayacak kar\u015f\u0131la\u015fmay\u0131 hakem O\u011fuzhan \u00c7ak\u0131r y\u00f6netecek.<\/p>\n<p> Ligde 2&#8217;\u015fer galibiyet ve beraberlik elde eden, lakin 3 puan silme cezas\u0131 nedeniyle 5 puanla son s\u0131rada yer alan Adana Demirspor, 57 puanla \u00f6nder olan rakibi kar\u015f\u0131s\u0131nda galibiyet arayacak.<\/p>\n<p> Mavi-lacivertliler, d\u00f6nemin birinci ma\u00e7\u0131nda alan\u0131nda Galatasaray&#8217;a 5-1 ma\u011flup oldu.<\/p>\n<\/div>\n","protected":false},"excerpt":{"rendered":"<p>Adana Demirspor, Trendyol \u00dcst\u00fcn Lig&#8217;in 23. haftas\u0131nda deplasmanda Galatasaray ile kar\u015f\u0131la\u015facak.<\/p>\n","protected":false},"author":1,"featured_media":16072,"comment_status":"open","ping_status":"open","sticky":false,"template":"","format":"standard","meta":{"footnotes":""},"categories":[25],"tags":[],"class_list":["post-16071","post","type-post","status-publish","format-standard","has-post-thumbnail","hentry","category-futbol"],"_links":{"self":[{"href":"https:\/\/haberbesiktas.tr\/index.php?rest_route=\/wp\/v2\/posts\/16071","targetHints":{"allow":["GET"]}}],"collection":[{"href":"https:\/\/haberbesiktas.tr\/index.php?rest_route=\/wp\/v2\/posts"}],"about":[{"href":"https:\/\/haberbesiktas.tr\/index.php?rest_route=\/wp\/v2\/types\/post"}],"author":[{"embeddable":true,"href":"https:\/\/haberbesiktas.tr\/index.php?rest_route=\/wp\/v2\/users\/1"}],"replies":[{"embeddable":true,"href":"https:\/\/haberbesiktas.tr\/index.php?rest_route=%2Fwp%2Fv2%2Fcomments&post=16071"}],"version-history":[{"count":1,"href":"https:\/\/haberbesiktas.tr\/index.php?rest_route=\/wp\/v2\/posts\/16071\/revisions"}],"predecessor-version":[{"id":16073,"href":"https:\/\/haberbesiktas.tr\/index.php?rest_route=\/wp\/v2\/posts\/16071\/revisions\/16073"}],"wp:featuredmedia":[{"embeddable":true,"href":"https:\/\/haberbesiktas.tr\/index.php?rest_route=\/wp\/v2\/media\/16072"}],"wp:attachment":[{"href":"https:\/\/haberbesiktas.tr\/index.php?rest_route=%2Fwp%2Fv2%2Fmedia&parent=16071"}],"wp:term":[{"taxonomy":"category","embeddable":true,"href":"https:\/\/haberbesiktas.tr\/index.php?rest_route=%2Fwp%2Fv2%2Fcategories&post=16071"},{"taxonomy":"post_tag","embeddable":true,"href":"https:\/\/haberbesiktas.tr\/index.php?rest_route=%2Fwp%2Fv2%2Ftags&post=16071"}],"curies":[{"name":"wp","href":"https:\/\/api.w.org\/{rel}","templated":true}]}}