{"id":16074,"date":"2025-03-10T03:12:06","date_gmt":"2025-03-10T03:12:06","guid":{"rendered":"https:\/\/haberbesiktas.tr\/?p=16074"},"modified":"2025-03-10T03:12:06","modified_gmt":"2025-03-10T03:12:06","slug":"hakeme-hakaret-eden-antrenore-ceza","status":"publish","type":"post","link":"https:\/\/haberbesiktas.tr\/?p=16074","title":{"rendered":"Hakeme hakaret eden antren\u00f6re ceza"},"content":{"rendered":"<div>Burdur&#8217;da ma\u00e7 sonunda hakem Alper Oran&#8217;a hakaret etti\u011fi i\u00e7in yarg\u0131lanan Bucak Belediye O\u011fuzhanspor&#8217;un eski kaleci antren\u00f6r\u00fc \u00d6mer \u00c7a\u011flayan&#8217;a mahkemece 354 g\u00fcn kar\u015f\u0131l\u0131\u011f\u0131 10 bin 620 lira isimli para cezas\u0131 verildi.\u00a0 Burdur 1&#8217;inci Amat\u00f6r K\u00fcme&#8217;de 21 Nisan tarihinde Bucak \u0130l\u00e7e Stadyumu&#8217;nda oynanan Bucak Belediye O\u011fuzhanspor, Burdurspor m\u00fcsabakas\u0131n\u0131n sonunda Bucak temsilcisinin eski kaleci antren\u00f6r\u00fc \u00d6mer \u00c7a\u011flayan, hakem Alper Oran&#8217;a hakaret etti. Oran&#8217;\u0131n \u015fikayeti \u00fczerine \u00d6mer \u00c7a\u011flayan hakk\u0131nda Bucak Cumhuriyet Ba\u015fsavc\u0131l\u0131\u011f\u0131&#8217;nca kamu g\u00f6revlisine kar\u015f\u0131 alenen hakaret hatas\u0131ndan cezaland\u0131r\u0131lmas\u0131 istemiyle iddianame haz\u0131rland\u0131.<\/p>\n<p> Bucak 3&#8217;\u00fcnc\u00fc Asliye Ceza Mahkemesi&#8217;nde g\u00f6r\u00fclen karar duru\u015fmas\u0131nda \u00d6mer \u00c7a\u011flayan&#8217;\u0131n hakaret kabahatinden 354 g\u00fcn kar\u015f\u0131l\u0131\u011f\u0131 10 bin 620 lira isimli para cezas\u0131 ile cezaland\u0131r\u0131lmas\u0131na karar verildi. Mahkeme heyeti, san\u0131\u011f\u0131n isimli sicil kay\u0131tlar\u0131 itibariyle evvelce kas\u0131tl\u0131 bir hatadan mahkum edilmemi\u015f olmas\u0131, olay sebebiyle meydana gelmi\u015f somut bir zarar\u0131n bulunmamas\u0131, san\u0131\u011f\u0131n ki\u015filik \u00f6zellikleri g\u00f6z \u00f6n\u00fcnde bulunduruldu\u011funda tekrar hata i\u015flemeyece\u011fi konusunda olumlu kanaat olu\u015fmas\u0131 nedeniyle san\u0131k hakk\u0131nda belirlenen karar\u0131n a\u00e7\u0131klanmas\u0131n\u0131n geri b\u0131rak\u0131lmas\u0131na karar\u0131 verdi.\u00a0<\/p>\n<\/div>\n","protected":false},"excerpt":{"rendered":"<p>Burdur&#8217;da ma\u00e7 sonunda hakem Alper Oran&#8217;a hakaret etti\u011fi i\u00e7in yarg\u0131lanan Bucak Belediye O\u011fuzhanspor&#8217;un eski kaleci antren\u00f6r\u00fc \u00d6mer \u00c7a\u011flayan&#8217;a mahkemece 354 g\u00fcn kar\u015f\u0131l\u0131\u011f\u0131 10 bin 620 lira isimli para cezas\u0131 verildi.<\/p>\n","protected":false},"author":1,"featured_media":16075,"comment_status":"open","ping_status":"open","sticky":false,"template":"","format":"standard","meta":{"footnotes":""},"categories":[25],"tags":[1737,505],"class_list":["post-16074","post","type-post","status-publish","format-standard","has-post-thumbnail","hentry","category-futbol","tag-bucak","tag-ceza"],"_links":{"self":[{"href":"https:\/\/haberbesiktas.tr\/index.php?rest_route=\/wp\/v2\/posts\/16074","targetHints":{"allow":["GET"]}}],"collection":[{"href":"https:\/\/haberbesiktas.tr\/index.php?rest_route=\/wp\/v2\/posts"}],"about":[{"href":"https:\/\/haberbesiktas.tr\/index.php?rest_route=\/wp\/v2\/types\/post"}],"author":[{"embeddable":true,"href":"https:\/\/haberbesiktas.tr\/index.php?rest_route=\/wp\/v2\/users\/1"}],"replies":[{"embeddable":true,"href":"https:\/\/haberbesiktas.tr\/index.php?rest_route=%2Fwp%2Fv2%2Fcomments&post=16074"}],"version-history":[{"count":1,"href":"https:\/\/haberbesiktas.tr\/index.php?rest_route=\/wp\/v2\/posts\/16074\/revisions"}],"predecessor-version":[{"id":16076,"href":"https:\/\/haberbesiktas.tr\/index.php?rest_route=\/wp\/v2\/posts\/16074\/revisions\/16076"}],"wp:featuredmedia":[{"embeddable":true,"href":"https:\/\/haberbesiktas.tr\/index.php?rest_route=\/wp\/v2\/media\/16075"}],"wp:attachment":[{"href":"https:\/\/haberbesiktas.tr\/index.php?rest_route=%2Fwp%2Fv2%2Fmedia&parent=16074"}],"wp:term":[{"taxonomy":"category","embeddable":true,"href":"https:\/\/haberbesiktas.tr\/index.php?rest_route=%2Fwp%2Fv2%2Fcategories&post=16074"},{"taxonomy":"post_tag","embeddable":true,"href":"https:\/\/haberbesiktas.tr\/index.php?rest_route=%2Fwp%2Fv2%2Ftags&post=16074"}],"curies":[{"name":"wp","href":"https:\/\/api.w.org\/{rel}","templated":true}]}}