{"id":16089,"date":"2025-03-10T04:12:06","date_gmt":"2025-03-10T04:12:06","guid":{"rendered":"https:\/\/haberbesiktas.tr\/?p=16089"},"modified":"2025-03-10T04:12:06","modified_gmt":"2025-03-10T04:12:06","slug":"caykur-rizespor-genc-kaleci-efe-dogani-kadrosuna-katti","status":"publish","type":"post","link":"https:\/\/haberbesiktas.tr\/?p=16089","title":{"rendered":"\u00c7aykur Rizespor, gen\u00e7 kaleci Efe Do\u011fan&#8217;\u0131 kadrosuna katt\u0131"},"content":{"rendered":"<div>Trendyol S\u00fcper Lig tak\u0131mlar\u0131ndan \u00c7aykur Rizespor, Bucaspor 1928&#8217;den kaleci Efe Do\u011fan&#8217;\u0131 tak\u0131m\u0131na katt\u0131.<\/p>\n<p> Ye\u015fil-mavili kul\u00fcpten yap\u0131lan a\u00e7\u0131klamada \u0130zmir grubu ile mutabakat\u0131n akabinde Efe Do\u011fan&#8217;\u0131n s\u0131hhat denetiminden ge\u00e7ti\u011fi ve kendisini 4,5 y\u0131ll\u0131\u011f\u0131na \u00c7aykur Rizespor&#8217;a ba\u011flayan mukaveleyi imzalad\u0131\u011f\u0131 belirtildi.<\/p>\n<p> A\u00e7\u0131klamada, &#8220;Efe Do\u011fan&#8217;a &#8216;ho\u015f geldin&#8217; diyor, muvaffakiyetler diliyoruz.&#8221; tabiri kullan\u0131ld\u0131.<\/p>\n<\/div>\n","protected":false},"excerpt":{"rendered":"<p>\u00c7aykur Rizespor, Bucaspor 1928&#8217;den kaleci Efe Do\u011fan&#8217;\u0131 tak\u0131m\u0131na katt\u0131.<\/p>\n","protected":false},"author":1,"featured_media":16090,"comment_status":"open","ping_status":"open","sticky":false,"template":"","format":"standard","meta":{"footnotes":""},"categories":[25],"tags":[],"class_list":["post-16089","post","type-post","status-publish","format-standard","has-post-thumbnail","hentry","category-futbol"],"_links":{"self":[{"href":"https:\/\/haberbesiktas.tr\/index.php?rest_route=\/wp\/v2\/posts\/16089","targetHints":{"allow":["GET"]}}],"collection":[{"href":"https:\/\/haberbesiktas.tr\/index.php?rest_route=\/wp\/v2\/posts"}],"about":[{"href":"https:\/\/haberbesiktas.tr\/index.php?rest_route=\/wp\/v2\/types\/post"}],"author":[{"embeddable":true,"href":"https:\/\/haberbesiktas.tr\/index.php?rest_route=\/wp\/v2\/users\/1"}],"replies":[{"embeddable":true,"href":"https:\/\/haberbesiktas.tr\/index.php?rest_route=%2Fwp%2Fv2%2Fcomments&post=16089"}],"version-history":[{"count":1,"href":"https:\/\/haberbesiktas.tr\/index.php?rest_route=\/wp\/v2\/posts\/16089\/revisions"}],"predecessor-version":[{"id":16091,"href":"https:\/\/haberbesiktas.tr\/index.php?rest_route=\/wp\/v2\/posts\/16089\/revisions\/16091"}],"wp:featuredmedia":[{"embeddable":true,"href":"https:\/\/haberbesiktas.tr\/index.php?rest_route=\/wp\/v2\/media\/16090"}],"wp:attachment":[{"href":"https:\/\/haberbesiktas.tr\/index.php?rest_route=%2Fwp%2Fv2%2Fmedia&parent=16089"}],"wp:term":[{"taxonomy":"category","embeddable":true,"href":"https:\/\/haberbesiktas.tr\/index.php?rest_route=%2Fwp%2Fv2%2Fcategories&post=16089"},{"taxonomy":"post_tag","embeddable":true,"href":"https:\/\/haberbesiktas.tr\/index.php?rest_route=%2Fwp%2Fv2%2Ftags&post=16089"}],"curies":[{"name":"wp","href":"https:\/\/api.w.org\/{rel}","templated":true}]}}