{"id":16168,"date":"2025-04-05T21:36:07","date_gmt":"2025-04-05T21:36:07","guid":{"rendered":"https:\/\/haberbesiktas.tr\/?p=16168"},"modified":"2025-04-05T21:36:07","modified_gmt":"2025-04-05T21:36:07","slug":"rizesporda-abdulkadir-icin-geri-sayim","status":"publish","type":"post","link":"https:\/\/haberbesiktas.tr\/?p=16168","title":{"rendered":"Rizespor&#8217;da Abd\u00fclkadir i\u00e7in geri say\u0131m!"},"content":{"rendered":"<div>Rizespor, Hull City&#8217;de oynayan Abdulkadir \u00d6m\u00fcr ile prensip mutabakat\u0131 sa\u011flad\u0131.<\/p>\n<p>25 ya\u015f\u0131ndaki futbolcunun \u00f6n\u00fcm\u00fczdeki g\u00fcnlerde Rize&#8217;ye gelerek d\u00f6nem sonuna kadar s\u00fcrecek kiral\u0131k mukaveleyi imzalamas\u0131 bekleniyor. \u00c7aykur Rizespor idaresi ve teknik grubun, transferin k\u0131sa m\u00fcddette tamamlanmas\u0131 i\u00e7in a\u011f\u0131r mesai harcad\u0131\u011f\u0131 \u00f6\u011frenilirken, resmi a\u00e7\u0131klaman\u0131n \u00f6n\u00fcm\u00fczdeki g\u00fcnlerde yap\u0131lmas\u0131 bekleniyor.<\/p>\n<p> Hull City&#8217;de bu d\u00f6nem 21 ma\u00e7ta m\u00fchlet bulan Abd\u00fclkadir \u00d6m\u00fcr, 1 asist yapt\u0131.<\/p>\n<\/div>\n","protected":false},"excerpt":{"rendered":"<p>Rizespor, Hull City&#8217;de forma giyen Abd\u00fclkadir \u00d6m\u00fcr ile prensip muahedesine vard\u0131. 25 ya\u015f\u0131ndaki futbolcunun \u00f6n\u00fcm\u00fczdeki g\u00fcnlerde imza i\u00e7in T\u00fcrkiye&#8217;ye gelmesi bekleniyor.<\/p>\n","protected":false},"author":1,"featured_media":16169,"comment_status":"open","ping_status":"open","sticky":false,"template":"","format":"standard","meta":{"footnotes":""},"categories":[25],"tags":[],"class_list":["post-16168","post","type-post","status-publish","format-standard","has-post-thumbnail","hentry","category-futbol"],"_links":{"self":[{"href":"https:\/\/haberbesiktas.tr\/index.php?rest_route=\/wp\/v2\/posts\/16168","targetHints":{"allow":["GET"]}}],"collection":[{"href":"https:\/\/haberbesiktas.tr\/index.php?rest_route=\/wp\/v2\/posts"}],"about":[{"href":"https:\/\/haberbesiktas.tr\/index.php?rest_route=\/wp\/v2\/types\/post"}],"author":[{"embeddable":true,"href":"https:\/\/haberbesiktas.tr\/index.php?rest_route=\/wp\/v2\/users\/1"}],"replies":[{"embeddable":true,"href":"https:\/\/haberbesiktas.tr\/index.php?rest_route=%2Fwp%2Fv2%2Fcomments&post=16168"}],"version-history":[{"count":1,"href":"https:\/\/haberbesiktas.tr\/index.php?rest_route=\/wp\/v2\/posts\/16168\/revisions"}],"predecessor-version":[{"id":16170,"href":"https:\/\/haberbesiktas.tr\/index.php?rest_route=\/wp\/v2\/posts\/16168\/revisions\/16170"}],"wp:featuredmedia":[{"embeddable":true,"href":"https:\/\/haberbesiktas.tr\/index.php?rest_route=\/wp\/v2\/media\/16169"}],"wp:attachment":[{"href":"https:\/\/haberbesiktas.tr\/index.php?rest_route=%2Fwp%2Fv2%2Fmedia&parent=16168"}],"wp:term":[{"taxonomy":"category","embeddable":true,"href":"https:\/\/haberbesiktas.tr\/index.php?rest_route=%2Fwp%2Fv2%2Fcategories&post=16168"},{"taxonomy":"post_tag","embeddable":true,"href":"https:\/\/haberbesiktas.tr\/index.php?rest_route=%2Fwp%2Fv2%2Ftags&post=16168"}],"curies":[{"name":"wp","href":"https:\/\/api.w.org\/{rel}","templated":true}]}}