{"id":16177,"date":"2025-04-05T22:12:12","date_gmt":"2025-04-05T22:12:12","guid":{"rendered":"https:\/\/haberbesiktas.tr\/?p=16177"},"modified":"2025-04-05T22:12:12","modified_gmt":"2025-04-05T22:12:12","slug":"cagdas-cavus-oyuncularim-guzel-mucadele-verdiler","status":"publish","type":"post","link":"https:\/\/haberbesiktas.tr\/?p=16177","title":{"rendered":"\u00c7a\u011fda\u015f \u00c7avu\u015f: &#8220;Oyuncular\u0131m g\u00fczel m\u00fccadele verdiler&#8221;"},"content":{"rendered":"<div>\n<p>Trendyol 1. Lig&#8217;in 23. haftas\u0131nda Silta\u015f Yap\u0131 Pendikspor&#8217;u 1-0 ma\u011flup eden Alag\u00f6z Holding I\u011fd\u0131r FK&#8217;n\u0131n teknik y\u00f6neticisi \u00c7a\u011fda\u015f \u00c7avu\u015f,<strong> &#8220;Oyuncular\u0131m \u00e7ok ho\u015f bir gayret \u00f6rne\u011fi g\u00f6sterdiler ve \u00e7ok ho\u015f bir galibiyet ald\u0131k.&#8221;<\/strong> dedi.<\/p>\n<p> \u00c7avu\u015f, ma\u00e7\u0131n akabinde d\u00fczenlenen bas\u0131n toplant\u0131s\u0131nda, kadronun kalitesi ve oyuncular\u0131n karakterlerinin bulunduklar\u0131 yeri hak etmedi\u011fini s\u00f6yledi.<\/p>\n<p> Bu durumun vakit i\u00e7erisinde ya\u015fanan ufak tefek sorunlardan kaynakland\u0131\u011f\u0131n\u0131 anlatan \u00c7avu\u015f, <strong>&#8220;\u015eimdi aya\u011fa kalkma vakti. Oyuncu k\u00fcmemle birlikte bu grubu sahiden istenilen, hedeflenen yere ula\u015ft\u0131rmaya \u00e7al\u0131\u015faca\u011f\u0131z.&#8221;<\/strong> diye konu\u015ftu.<\/p>\n<p> \u00c7avu\u015f, bundan evvelki periyotlarda de kendi \u00fcslubuyla oyun oynatt\u0131\u011f\u0131n\u0131 belirterek, \u015funlar\u0131 lisana getirdi:<\/p>\n<p> &#8220;Bunlar\u0131 buradaki oyunculara k\u0131sa vakitte aktarmaya \u00e7al\u0131\u015ft\u0131k. Oyuncular\u0131m \u00e7ok ho\u015f bir u\u011fra\u015f \u00f6rne\u011fi g\u00f6sterdiler ve \u00e7ok ho\u015f bir galibiyet ald\u0131k. Rakibe yaln\u0131zca kendi durumumuzdan kaynakl\u0131 yar\u0131m bir konum haricinde konum vermedik. Girdi\u011fimiz konumlar\u0131n fazla say\u0131da oldu\u011fu bir ma\u00e7 oynad\u0131k. Oyuncu grubumu tebrik ediyorum, \u00e7ok ho\u015f bir tepki g\u00f6sterdiler.&#8221;<\/p>\n<\/div>\n","protected":false},"excerpt":{"rendered":"<p>Alag\u00f6z Holding I\u011fd\u0131r FK Teknik Y\u00f6neticisi \u00c7a\u011fda\u015f \u00c7avu\u015f, alanlar\u0131nda Pendikspor&#8217;u 1-0 ma\u011flup ettikleri ma\u00e7\u0131n akabinde a\u00e7\u0131klamalarda bulundu.<\/p>\n","protected":false},"author":1,"featured_media":16178,"comment_status":"open","ping_status":"open","sticky":false,"template":"","format":"standard","meta":{"footnotes":""},"categories":[25],"tags":[49],"class_list":["post-16177","post","type-post","status-publish","format-standard","has-post-thumbnail","hentry","category-futbol","tag-oyuncu"],"_links":{"self":[{"href":"https:\/\/haberbesiktas.tr\/index.php?rest_route=\/wp\/v2\/posts\/16177","targetHints":{"allow":["GET"]}}],"collection":[{"href":"https:\/\/haberbesiktas.tr\/index.php?rest_route=\/wp\/v2\/posts"}],"about":[{"href":"https:\/\/haberbesiktas.tr\/index.php?rest_route=\/wp\/v2\/types\/post"}],"author":[{"embeddable":true,"href":"https:\/\/haberbesiktas.tr\/index.php?rest_route=\/wp\/v2\/users\/1"}],"replies":[{"embeddable":true,"href":"https:\/\/haberbesiktas.tr\/index.php?rest_route=%2Fwp%2Fv2%2Fcomments&post=16177"}],"version-history":[{"count":1,"href":"https:\/\/haberbesiktas.tr\/index.php?rest_route=\/wp\/v2\/posts\/16177\/revisions"}],"predecessor-version":[{"id":16179,"href":"https:\/\/haberbesiktas.tr\/index.php?rest_route=\/wp\/v2\/posts\/16177\/revisions\/16179"}],"wp:featuredmedia":[{"embeddable":true,"href":"https:\/\/haberbesiktas.tr\/index.php?rest_route=\/wp\/v2\/media\/16178"}],"wp:attachment":[{"href":"https:\/\/haberbesiktas.tr\/index.php?rest_route=%2Fwp%2Fv2%2Fmedia&parent=16177"}],"wp:term":[{"taxonomy":"category","embeddable":true,"href":"https:\/\/haberbesiktas.tr\/index.php?rest_route=%2Fwp%2Fv2%2Fcategories&post=16177"},{"taxonomy":"post_tag","embeddable":true,"href":"https:\/\/haberbesiktas.tr\/index.php?rest_route=%2Fwp%2Fv2%2Ftags&post=16177"}],"curies":[{"name":"wp","href":"https:\/\/api.w.org\/{rel}","templated":true}]}}