{"id":16180,"date":"2025-04-05T22:24:08","date_gmt":"2025-04-05T22:24:08","guid":{"rendered":"https:\/\/haberbesiktas.tr\/?p=16180"},"modified":"2025-04-05T22:24:08","modified_gmt":"2025-04-05T22:24:08","slug":"evrim-esendemir-mucadelemizin-karsiligi-bu-degildi","status":"publish","type":"post","link":"https:\/\/haberbesiktas.tr\/?p=16180","title":{"rendered":"Evrim Esendemir: &#8220;M\u00fccadelemizin kar\u015f\u0131l\u0131\u011f\u0131 bu de\u011fildi&#8221;"},"content":{"rendered":"<div>\n<p>Pendikspor Teknik Y\u00f6neticisi Evrim Esendemir, sakat ve cezal\u0131 oyuncular\u0131n\u0131n fazla oldu\u011funu aktard\u0131.\u00a0<\/p>\n<p> Alternatif tak\u0131mla gelmediklerini kaydeden Esendemir, <strong>&#8220;Oyundaki niyetimiz, ba\u015flang\u0131\u00e7 11&#8217;imiz ve oyundaki ana plan\u0131m\u0131z\u0131n olabildi\u011fince i\u015flevlik kazanmas\u0131, skorun lehimizde ya da istikrarda gitmesi en \u00f6ncelikli fikrimizdi. Bunu da son ana kadar oyunun geneline yayd\u0131k.&#8221;<\/strong> s\u00f6zlerini kulland\u0131.<\/p>\n<p> <em><strong>Esendemir, 60. dakikada birinci at\u0131l\u0131mlar\u0131n\u0131 grubun ofansif g\u00fcc\u00fcn\u00fc artt\u0131rmak \u00fczerine yapt\u0131\u011f\u0131na de\u011finerek, \u015fu de\u011ferlendirmede bulundu:<\/strong><\/em><\/p>\n<p> &#8220;Daha sonra kul\u00fcbede \u00e7ok alternatifli olmay\u0131\u015f\u0131m\u0131z, I\u011fd\u0131r&#8217;\u0131n da oyunun son k\u0131sm\u0131nda biraz daha fazla \u00fc\u00e7\u00fcnc\u00fc b\u00f6lgede oyuncu ata\u011f\u0131 yaparak ceza alan\u0131m\u0131za daha kalabal\u0131k girme niyetine kar\u015f\u0131l\u0131k biz de bir savunma oyuncusunu kar\u015f\u0131 at\u0131l\u0131m olarak oyuna s\u00fcrd\u00fck. U\u011fra\u015ftan hak etmedi\u011fimiz bir sonu\u00e7la ayr\u0131ld\u0131k. U\u011fra\u015f\u0131m\u0131z\u0131n kar\u015f\u0131l\u0131\u011f\u0131 bu de\u011fildi. En az\u0131ndan kaybetmemeyi hak edecek kadar oynad\u0131k. M\u00fcddet alan, gayret g\u00f6steren t\u00fcm arkada\u015flar\u0131m\u0131z, oyuna girmeyen, ortam\u0131zda olamayan herkesin eme\u011fine s\u0131hhat. \u00d6n\u00fcm\u00fczdeki ma\u00e7ta eksik ve sakat oyuncular\u0131m\u0131z\u0131n ortam\u0131za kat\u0131lmas\u0131yla daha g\u00fc\u00e7l\u00fc bir halde yolumuza devam edece\u011fiz.&#8221;<\/p>\n<\/div>\n","protected":false},"excerpt":{"rendered":"<p>Silta\u015f Yap\u0131 Pendikspor Pendikspor Teknik Y\u00f6neticisi Evrim Esendemir, deplasmanda I\u011fd\u0131r FK&#8217;ye 1-0 ma\u011flup olduklar\u0131 ma\u00e7\u0131n akabinde a\u00e7\u0131klamalarda bulundu.<\/p>\n","protected":false},"author":1,"featured_media":16181,"comment_status":"open","ping_status":"open","sticky":false,"template":"","format":"standard","meta":{"footnotes":""},"categories":[25],"tags":[],"class_list":["post-16180","post","type-post","status-publish","format-standard","has-post-thumbnail","hentry","category-futbol"],"_links":{"self":[{"href":"https:\/\/haberbesiktas.tr\/index.php?rest_route=\/wp\/v2\/posts\/16180","targetHints":{"allow":["GET"]}}],"collection":[{"href":"https:\/\/haberbesiktas.tr\/index.php?rest_route=\/wp\/v2\/posts"}],"about":[{"href":"https:\/\/haberbesiktas.tr\/index.php?rest_route=\/wp\/v2\/types\/post"}],"author":[{"embeddable":true,"href":"https:\/\/haberbesiktas.tr\/index.php?rest_route=\/wp\/v2\/users\/1"}],"replies":[{"embeddable":true,"href":"https:\/\/haberbesiktas.tr\/index.php?rest_route=%2Fwp%2Fv2%2Fcomments&post=16180"}],"version-history":[{"count":1,"href":"https:\/\/haberbesiktas.tr\/index.php?rest_route=\/wp\/v2\/posts\/16180\/revisions"}],"predecessor-version":[{"id":16182,"href":"https:\/\/haberbesiktas.tr\/index.php?rest_route=\/wp\/v2\/posts\/16180\/revisions\/16182"}],"wp:featuredmedia":[{"embeddable":true,"href":"https:\/\/haberbesiktas.tr\/index.php?rest_route=\/wp\/v2\/media\/16181"}],"wp:attachment":[{"href":"https:\/\/haberbesiktas.tr\/index.php?rest_route=%2Fwp%2Fv2%2Fmedia&parent=16180"}],"wp:term":[{"taxonomy":"category","embeddable":true,"href":"https:\/\/haberbesiktas.tr\/index.php?rest_route=%2Fwp%2Fv2%2Fcategories&post=16180"},{"taxonomy":"post_tag","embeddable":true,"href":"https:\/\/haberbesiktas.tr\/index.php?rest_route=%2Fwp%2Fv2%2Ftags&post=16180"}],"curies":[{"name":"wp","href":"https:\/\/api.w.org\/{rel}","templated":true}]}}