{"id":16335,"date":"2025-04-06T07:36:06","date_gmt":"2025-04-06T07:36:06","guid":{"rendered":"https:\/\/haberbesiktas.tr\/?p=16335"},"modified":"2025-04-06T07:36:06","modified_gmt":"2025-04-06T07:36:06","slug":"pfdkden-fenerbahce-ve-ali-kocun-cezasina-indirim","status":"publish","type":"post","link":"https:\/\/haberbesiktas.tr\/?p=16335","title":{"rendered":"PFDK&#8217;den Fenerbah\u00e7e ve Ali Ko\u00e7&#8217;un cezas\u0131na indirim!"},"content":{"rendered":"<div>\n<p>Fenerbah\u00e7e&#8217;ye verilen 2 milyon liral\u0131k ceza ve Ali Ko\u00e7&#8217;a verilen 45 g\u00fcnl\u00fck hak mahrumiyeti cezalar\u0131nda indirime gidildi.<\/p>\n<p> Kul\u00fcbe verilen ceza 1 milyon liraya, Ali Ko\u00e7&#8217;a verilen ceza ise 22 g\u00fcne indirildi.<\/p>\n<p> <strong>NE OLMU\u015eTU?<\/strong><\/p>\n<p> FENERBAH\u00c7E A.\u015e. Ba\u015fkan\u0131 YILDIRIM AL\u0130 KO\u00c7&#8217;un, 26.01.2025 tarihinde Kul\u00fcp toplumsal medya (X) hesab\u0131ndan yap\u0131lan payla\u015f\u0131mda yer alan Futbolun ve Kurumlar\u0131n Prestijini Zedelemeye Y\u00f6nelik A\u00e7\u0131klamalar nedeniyle FDT&#8217;nin 38\/3. ve 38\/1-a hususlar\u0131 uyar\u0131nca 45 G\u00dcN HAK MAHRUM\u0130YET\u0130 CEZASI ile cezaland\u0131r\u0131lmas\u0131na, (oy\u00e7oklu\u011fu) karar verilmi\u015fti.<\/p>\n<\/div>\n","protected":false},"excerpt":{"rendered":"<p>PFDK, Fenerbah\u00e7e Kul\u00fcb\u00fc ve Ali Ko\u00e7&#8217;un cezalar\u0131nda indirme gitti.<\/p>\n","protected":false},"author":1,"featured_media":16336,"comment_status":"open","ping_status":"open","sticky":false,"template":"","format":"standard","meta":{"footnotes":""},"categories":[25],"tags":[505],"class_list":["post-16335","post","type-post","status-publish","format-standard","has-post-thumbnail","hentry","category-futbol","tag-ceza"],"_links":{"self":[{"href":"https:\/\/haberbesiktas.tr\/index.php?rest_route=\/wp\/v2\/posts\/16335","targetHints":{"allow":["GET"]}}],"collection":[{"href":"https:\/\/haberbesiktas.tr\/index.php?rest_route=\/wp\/v2\/posts"}],"about":[{"href":"https:\/\/haberbesiktas.tr\/index.php?rest_route=\/wp\/v2\/types\/post"}],"author":[{"embeddable":true,"href":"https:\/\/haberbesiktas.tr\/index.php?rest_route=\/wp\/v2\/users\/1"}],"replies":[{"embeddable":true,"href":"https:\/\/haberbesiktas.tr\/index.php?rest_route=%2Fwp%2Fv2%2Fcomments&post=16335"}],"version-history":[{"count":1,"href":"https:\/\/haberbesiktas.tr\/index.php?rest_route=\/wp\/v2\/posts\/16335\/revisions"}],"predecessor-version":[{"id":16337,"href":"https:\/\/haberbesiktas.tr\/index.php?rest_route=\/wp\/v2\/posts\/16335\/revisions\/16337"}],"wp:featuredmedia":[{"embeddable":true,"href":"https:\/\/haberbesiktas.tr\/index.php?rest_route=\/wp\/v2\/media\/16336"}],"wp:attachment":[{"href":"https:\/\/haberbesiktas.tr\/index.php?rest_route=%2Fwp%2Fv2%2Fmedia&parent=16335"}],"wp:term":[{"taxonomy":"category","embeddable":true,"href":"https:\/\/haberbesiktas.tr\/index.php?rest_route=%2Fwp%2Fv2%2Fcategories&post=16335"},{"taxonomy":"post_tag","embeddable":true,"href":"https:\/\/haberbesiktas.tr\/index.php?rest_route=%2Fwp%2Fv2%2Ftags&post=16335"}],"curies":[{"name":"wp","href":"https:\/\/api.w.org\/{rel}","templated":true}]}}