{"id":16343,"date":"2025-04-06T08:00:06","date_gmt":"2025-04-06T08:00:06","guid":{"rendered":"https:\/\/haberbesiktas.tr\/?p=16343"},"modified":"2025-04-06T08:00:06","modified_gmt":"2025-04-06T08:00:06","slug":"brighton-geriden-geldigi-macta-chelseayi-eledi","status":"publish","type":"post","link":"https:\/\/haberbesiktas.tr\/?p=16343","title":{"rendered":"Brighton, geriden geldi\u011fi ma\u00e7ta Chelsea&#8217;yi eledi"},"content":{"rendered":"<div>\u0130ngiltere FA Cup 4. cins ma\u00e7\u0131nda Brighton, Chelsea&#8217;yi konuk etti.<\/p>\n<p>American Express Stadyumu&#8217;nda oynanan ma\u00e7\u0131 Brighton, geriden gelerek 2-1 kazand\u0131.\u00a0<\/p>\n<p>Chelsea&#8217;nin gol\u00fcn\u00fc 5. dakikada\u00a0<span><strong>Bart Verbruggen<\/strong> kendi kalesine att\u0131. Brighton&#8217;a galibiyeti getiren golleri ise 12. dakikada\u00a0<span><strong>Georginio Rutter<\/strong> ve 57. dakikada\u00a0<span><strong>Kaoru Mitoma<\/strong> kaydetti.<\/p>\n<p>Bu sonu\u00e7la birlikte Brighton, kupada ismini bir \u00fcst cinse yazd\u0131rd\u0131. Chelsea ise turnuvaya veda eden grup oldu.<\/p>\n<p><span>\u00d6te yendan Brighton&#8217;da forma giyen ulusal futbolcu Ferdi Kad\u0131o\u011flu, sakatl\u0131\u011f\u0131 nedeniyle ma\u00e7 tak\u0131m\u0131na yer almad\u0131.<\/span><br \/><\/span><\/span><\/span><\/div>\n","protected":false},"excerpt":{"rendered":"<p>\u0130ngiltere FA Cup 4. t\u0131p ma\u00e7\u0131nda Brighton, konuk etti\u011fi Chelsea&#8217;yi 2-1 ma\u011flup etti ve bir \u00fcst tipe y\u00fckseldi.<\/p>\n","protected":false},"author":1,"featured_media":16344,"comment_status":"open","ping_status":"open","sticky":false,"template":"","format":"standard","meta":{"footnotes":""},"categories":[25],"tags":[],"class_list":["post-16343","post","type-post","status-publish","format-standard","has-post-thumbnail","hentry","category-futbol"],"_links":{"self":[{"href":"https:\/\/haberbesiktas.tr\/index.php?rest_route=\/wp\/v2\/posts\/16343","targetHints":{"allow":["GET"]}}],"collection":[{"href":"https:\/\/haberbesiktas.tr\/index.php?rest_route=\/wp\/v2\/posts"}],"about":[{"href":"https:\/\/haberbesiktas.tr\/index.php?rest_route=\/wp\/v2\/types\/post"}],"author":[{"embeddable":true,"href":"https:\/\/haberbesiktas.tr\/index.php?rest_route=\/wp\/v2\/users\/1"}],"replies":[{"embeddable":true,"href":"https:\/\/haberbesiktas.tr\/index.php?rest_route=%2Fwp%2Fv2%2Fcomments&post=16343"}],"version-history":[{"count":1,"href":"https:\/\/haberbesiktas.tr\/index.php?rest_route=\/wp\/v2\/posts\/16343\/revisions"}],"predecessor-version":[{"id":16345,"href":"https:\/\/haberbesiktas.tr\/index.php?rest_route=\/wp\/v2\/posts\/16343\/revisions\/16345"}],"wp:featuredmedia":[{"embeddable":true,"href":"https:\/\/haberbesiktas.tr\/index.php?rest_route=\/wp\/v2\/media\/16344"}],"wp:attachment":[{"href":"https:\/\/haberbesiktas.tr\/index.php?rest_route=%2Fwp%2Fv2%2Fmedia&parent=16343"}],"wp:term":[{"taxonomy":"category","embeddable":true,"href":"https:\/\/haberbesiktas.tr\/index.php?rest_route=%2Fwp%2Fv2%2Fcategories&post=16343"},{"taxonomy":"post_tag","embeddable":true,"href":"https:\/\/haberbesiktas.tr\/index.php?rest_route=%2Fwp%2Fv2%2Ftags&post=16343"}],"curies":[{"name":"wp","href":"https:\/\/api.w.org\/{rel}","templated":true}]}}