{"id":16346,"date":"2025-04-06T08:12:10","date_gmt":"2025-04-06T08:12:10","guid":{"rendered":"https:\/\/haberbesiktas.tr\/?p=16346"},"modified":"2025-04-06T08:12:10","modified_gmt":"2025-04-06T08:12:10","slug":"besiktasin-yeni-transferi-keny-arroyo-istanbula-geldi","status":"publish","type":"post","link":"https:\/\/haberbesiktas.tr\/?p=16346","title":{"rendered":"Be\u015fikta\u015f&#8217;\u0131n yeni transferi Keny Arroyo, \u0130stanbul&#8217;a geldi"},"content":{"rendered":"<div>Be\u015fikta\u015f&#8217;\u0131n prensip mutabakat\u0131na vard\u0131\u011f\u0131 Ekvadorlu futbolcu <strong>Keny Arroyo<\/strong>, \u0130stanbul&#8217;a geldi.<\/p>\n<p> Amsterdam&#8217;dan kalkan u\u00e7akla \u0130stanbul Havaliman\u0131&#8217;na gelen 18 ya\u015f\u0131ndaki oyuncuyu, kul\u00fcp yetkilileri ve bir k\u00fcme taraftar kar\u015f\u0131lad\u0131.<\/p>\n<p><img decoding=\"async\" src=\"https:\/\/haberbesiktas.tr\/wp-content\/uploads\/2025\/04\/besiktasin-yeni-transferi-keny-arroyo-istanbula-geldi-0-1wUfdh7h.jpg\"\/><\/p>\n<p> Gen\u00e7 oyuncu, havaliman\u0131nda kendisini bekleyen taraftarlara forma imzalarken, hat\u0131ra foto\u011fraf\u0131 da \u00e7ektirdi.<\/p>\n<p> Keny Arroyo, kendisi i\u00e7in bekleyen \u00f6zel ara\u00e7la havaliman\u0131nda ayr\u0131ld\u0131.<\/p>\n<p><img decoding=\"async\" src=\"https:\/\/haberbesiktas.tr\/wp-content\/uploads\/2025\/04\/besiktasin-yeni-transferi-keny-arroyo-istanbula-geldi-1-y7ROwR3L.jpg\"\/><\/p>\n<p> Her iki kanat b\u00f6lgesinde de forma giyebilen oyuncu tesirli sol aya\u011f\u0131 ve s\u00fcratiyle dikkat \u00e7ekiyor.<\/p>\n<p> <strong>Y\u00dcZDE 50&#8217;S\u0130NE 5 M\u0130LYON EURO<\/strong><\/p>\n<p>Oyuncunun bonservisinin y\u00fczde 50&#8217;sini Independiente del Valle&#8217;den alan Be\u015fikta\u015f, oyuncunun haklar\u0131n\u0131n bu k\u0131sm\u0131 i\u00e7in Ekvador grubuna 5 milyon euro \u00f6deme yapacak.<\/p>\n<p>Siyah-beyazl\u0131 grup, oyuncunun bonservisinin y\u00fczde 30&#8217;luk k\u0131sm\u0131n\u0131 da almak isterse, Ekvador tak\u0131m\u0131na 2.5 milyon euro \u00f6demeye yapacak.<\/p>\n<p><img decoding=\"async\" src=\"https:\/\/haberbesiktas.tr\/wp-content\/uploads\/2025\/04\/besiktasin-yeni-transferi-keny-arroyo-istanbula-geldi-2-nhKCtMtD.jpg\"\/><\/p>\n<p><strong>MAA\u015eI 800 B\u0130N EURO<\/strong><\/p>\n<p>\u00d6te yandan 4.5 y\u0131ll\u0131k kontrat imzalanan 18 ya\u015f\u0131ndaki oyuncu, bu d\u00f6nemin kalan k\u0131sm\u0131nda Be\u015fikta\u015f&#8217;tan 400 bin euro maa\u015f kazanacak. Be\u015fikta\u015f, kalan y\u0131llarda ise oyuncuya y\u0131ll\u0131k 800 bin euro maa\u015f \u00f6deyecek.<\/p>\n<p><img decoding=\"async\" src=\"https:\/\/haberbesiktas.tr\/wp-content\/uploads\/2025\/04\/besiktasin-yeni-transferi-keny-arroyo-istanbula-geldi-3-PtfPbZUh.jpg\"\/><\/p>\n<p><strong>&#8220;10 NUMARAYI \u0130ST\u0130YOR&#8221;<\/strong><\/p>\n<p>Sercan Dikme&#8217;nin haberine nazaran ise 18 ya\u015f\u0131ndaki oyuncu Be\u015fikta\u015f&#8217;ta 10 numaral\u0131 formay\u0131 giymek istedi\u011fini kul\u00fcp y\u00f6neticilerine iletti.<\/p>\n<p>Y\u00f6neticilerin, 10 numaral\u0131 forman\u0131n a\u011f\u0131r bir y\u00fck ta\u015f\u0131d\u0131\u011f\u0131n\u0131 iletmesine kar\u015f\u0131n gen\u00e7 oyuncu bu iste\u011finde \u0131srarc\u0131 oldu.<\/p>\n<p><strong><strong>14 GOLE KATKI<\/strong><br \/><\/strong><br \/><span>18 ya\u015f\u0131ndaki Ekvadorlu kanat oyuncusu bu sezon\u00a0Independiente del Valle formas\u0131yla \u00e7\u0131kt\u0131\u011f\u0131 48 ma\u00e7ta 6 gol 8 asistlik performans g\u00f6sterdi.<\/span><\/p>\n<p><strong>KENY ARROYO&#8217;NUN KAR\u0130YER\u0130<\/strong><\/p>\n<p><span>Keny Arroyo, 14 \u015eubat 2006 tarihinde Ekvador&#8217;da d\u00fcnyaya geldi.<\/span><\/p>\n<p><span>Independiente del Valle altyap\u0131s\u0131nda yeti\u015fen gen\u00e7 futbolcu, sergiledi\u011fi performansla A ekibe y\u00fckselme ba\u015far\u0131s\u0131 g\u00f6sterdi.<\/span><\/p>\n<p><span><span>Arroyo, 2 kere de Ekvador Ulusal Grubu formas\u0131n\u0131 giydi.<\/p>\n<p><\/span><\/span> <\/p>\n<div>\u00a0<\/div>\n<\/div>\n","protected":false},"excerpt":{"rendered":"<p>Be\u015fikta\u015f&#8217;\u0131n orta transfer devrinde tak\u0131m\u0131na katt\u0131\u011f\u0131 birinci futbolcu olan Keny Arroyo, resmi kontrat imzalamak i\u00e7in \u0130stanbul&#8217;a geldi.<\/p>\n","protected":false},"author":1,"featured_media":16347,"comment_status":"open","ping_status":"open","sticky":false,"template":"","format":"standard","meta":{"footnotes":""},"categories":[25],"tags":[1662,1237,623,49],"class_list":["post-16346","post","type-post","status-publish","format-standard","has-post-thumbnail","hentry","category-futbol","tag-ekvador","tag-euro","tag-forma","tag-oyuncu"],"_links":{"self":[{"href":"https:\/\/haberbesiktas.tr\/index.php?rest_route=\/wp\/v2\/posts\/16346","targetHints":{"allow":["GET"]}}],"collection":[{"href":"https:\/\/haberbesiktas.tr\/index.php?rest_route=\/wp\/v2\/posts"}],"about":[{"href":"https:\/\/haberbesiktas.tr\/index.php?rest_route=\/wp\/v2\/types\/post"}],"author":[{"embeddable":true,"href":"https:\/\/haberbesiktas.tr\/index.php?rest_route=\/wp\/v2\/users\/1"}],"replies":[{"embeddable":true,"href":"https:\/\/haberbesiktas.tr\/index.php?rest_route=%2Fwp%2Fv2%2Fcomments&post=16346"}],"version-history":[{"count":1,"href":"https:\/\/haberbesiktas.tr\/index.php?rest_route=\/wp\/v2\/posts\/16346\/revisions"}],"predecessor-version":[{"id":16352,"href":"https:\/\/haberbesiktas.tr\/index.php?rest_route=\/wp\/v2\/posts\/16346\/revisions\/16352"}],"wp:featuredmedia":[{"embeddable":true,"href":"https:\/\/haberbesiktas.tr\/index.php?rest_route=\/wp\/v2\/media\/16347"}],"wp:attachment":[{"href":"https:\/\/haberbesiktas.tr\/index.php?rest_route=%2Fwp%2Fv2%2Fmedia&parent=16346"}],"wp:term":[{"taxonomy":"category","embeddable":true,"href":"https:\/\/haberbesiktas.tr\/index.php?rest_route=%2Fwp%2Fv2%2Fcategories&post=16346"},{"taxonomy":"post_tag","embeddable":true,"href":"https:\/\/haberbesiktas.tr\/index.php?rest_route=%2Fwp%2Fv2%2Ftags&post=16346"}],"curies":[{"name":"wp","href":"https:\/\/api.w.org\/{rel}","templated":true}]}}