{"id":16356,"date":"2025-04-06T08:36:10","date_gmt":"2025-04-06T08:36:10","guid":{"rendered":"https:\/\/haberbesiktas.tr\/?p=16356"},"modified":"2025-04-06T08:36:10","modified_gmt":"2025-04-06T08:36:10","slug":"tribunden-dusen-kocaelisporlu-taraftar-agir-yaralandi","status":"publish","type":"post","link":"https:\/\/haberbesiktas.tr\/?p=16356","title":{"rendered":"Trib\u00fcnden d\u00fc\u015fen Kocaelisporlu taraftar a\u011f\u0131r yaraland\u0131"},"content":{"rendered":"<div>\n<p>Trendyol 1. Lig&#8217;in 23. haftas\u0131nda Kocaelispor ile Amed Sportif Faaliyetler ortas\u0131nda oynanan ma\u00e7ta trib\u00fcnden d\u00fc\u015fen bir Kocaelispor taraftar\u0131 a\u011f\u0131r yaraland\u0131.<\/p>\n<p> Y\u0131ld\u0131z Entegre Kocaeli Stadyumu&#8217;nda oynanan ma\u00e7 s\u0131ras\u0131nda, Kocaelisporlu taraftarlardan 16 ya\u015f\u0131ndaki Efe Kartal \u00d6ztay istikrar\u0131n\u0131 kaybederek kale gerisindeki \u00fcst trib\u00fcnden d\u00fc\u015ft\u00fc.\u00a0<\/p>\n<p> Ba\u015f\u0131ndan ald\u0131\u011f\u0131 darbeyle a\u011f\u0131r yaralanan \u00d6ztay, 112 Acil S\u0131hhat tak\u0131mlar\u0131nca Kocaeli Kent Hastanesi&#8217;ne kald\u0131r\u0131ld\u0131.\u00a0<\/p>\n<p> Gen\u00e7 taraftar\u0131n a\u011f\u0131r bak\u0131mda tedavi alt\u0131na al\u0131nd\u0131\u011f\u0131 \u00f6\u011frenildi.<\/p>\n<p> Olaya ait Kocaelispor&#8217;un toplumsal medya hesab\u0131ndan yap\u0131lan payla\u015f\u0131mda, &#8220;Bug\u00fcn oynad\u0131\u011f\u0131m\u0131z ma\u00e7ta d\u00fc\u015f\u00fcp ba\u015f\u0131na yara alan taraftar\u0131m\u0131z Efe Kartal \u00d6ztay&#8217;\u0131n yap\u0131lan tetkikler sonucunda durumunun kritik oldu\u011funu \u00fcz\u00fclerek \u00f6\u011frendik. Haydi Efe! Kazan\u0131lacak \u00e7ok kupa var aya\u011fa kalk!&#8221; s\u00f6zlerine yer verildi.<\/p>\n<p>Kocaelispor&#8217;un o payla\u015f\u0131m\u0131:<\/p>\n<blockquote class=\"twitter-tweet\" data-width=\"500\" data-dnt=\"true\">\n<p lang=\"tr\" dir=\"ltr\">Bug\u00fcn oynad\u0131\u011f\u0131m\u0131z ma\u00e7ta d\u00fc\u015f\u00fcp ba\u015f\u0131na yara alan taraftar\u0131m\u0131z Efe Kartal \u00d6ztay&#39;\u0131n yap\u0131lan tetkikler sonucunda durumunun kritik oldu\u011funu \u00fcz\u00fclerek \u00f6\u011frendik.<\/p>\n<p>Haydi Efe! Kazan\u0131lacak \u00e7ok kupa var aya\u011fa kalk! <a href=\"https:\/\/t.co\/CWiNxJ7z6e\" rel=\"nofollow\">pic.twitter.com\/CWiNxJ7z6e<\/a><\/p>\n<p>&mdash; Kocaelispor (@Kocaelispor) <a href=\"https:\/\/twitter.com\/Kocaelispor\/status\/1888324470181445840?ref_src=twsrc%5Etfw\" rel=\"nofollow noopener\" target=\"_blank\">February 8, 2025<\/a><\/p><\/blockquote>\n<p><script async src=\"https:\/\/platform.twitter.com\/widgets.js\" charset=\"utf-8\"><\/script><\/p>\n<\/p><\/div>\n","protected":false},"excerpt":{"rendered":"<p>Trendyol 1. Lig&#8217;de Kocaelispor &#8211; Amed SF ma\u00e7\u0131nda trib\u00fcnden d\u00fc\u015fen 16 ya\u015f\u0131ndaki Efe Kartal \u00d6ztay a\u011f\u0131r yaraland\u0131.<\/p>\n","protected":false},"author":1,"featured_media":16358,"comment_status":"open","ping_status":"open","sticky":false,"template":"","format":"standard","meta":{"footnotes":""},"categories":[25],"tags":[257],"class_list":["post-16356","post","type-post","status-publish","format-standard","has-post-thumbnail","hentry","category-futbol","tag-kocaelispor"],"_links":{"self":[{"href":"https:\/\/haberbesiktas.tr\/index.php?rest_route=\/wp\/v2\/posts\/16356","targetHints":{"allow":["GET"]}}],"collection":[{"href":"https:\/\/haberbesiktas.tr\/index.php?rest_route=\/wp\/v2\/posts"}],"about":[{"href":"https:\/\/haberbesiktas.tr\/index.php?rest_route=\/wp\/v2\/types\/post"}],"author":[{"embeddable":true,"href":"https:\/\/haberbesiktas.tr\/index.php?rest_route=\/wp\/v2\/users\/1"}],"replies":[{"embeddable":true,"href":"https:\/\/haberbesiktas.tr\/index.php?rest_route=%2Fwp%2Fv2%2Fcomments&post=16356"}],"version-history":[{"count":1,"href":"https:\/\/haberbesiktas.tr\/index.php?rest_route=\/wp\/v2\/posts\/16356\/revisions"}],"predecessor-version":[{"id":16359,"href":"https:\/\/haberbesiktas.tr\/index.php?rest_route=\/wp\/v2\/posts\/16356\/revisions\/16359"}],"wp:featuredmedia":[{"embeddable":true,"href":"https:\/\/haberbesiktas.tr\/index.php?rest_route=\/wp\/v2\/media\/16358"}],"wp:attachment":[{"href":"https:\/\/haberbesiktas.tr\/index.php?rest_route=%2Fwp%2Fv2%2Fmedia&parent=16356"}],"wp:term":[{"taxonomy":"category","embeddable":true,"href":"https:\/\/haberbesiktas.tr\/index.php?rest_route=%2Fwp%2Fv2%2Fcategories&post=16356"},{"taxonomy":"post_tag","embeddable":true,"href":"https:\/\/haberbesiktas.tr\/index.php?rest_route=%2Fwp%2Fv2%2Ftags&post=16356"}],"curies":[{"name":"wp","href":"https:\/\/api.w.org\/{rel}","templated":true}]}}