{"id":16365,"date":"2025-04-06T09:00:07","date_gmt":"2025-04-06T09:00:07","guid":{"rendered":"https:\/\/haberbesiktas.tr\/?p=16365"},"modified":"2025-04-06T09:00:07","modified_gmt":"2025-04-06T09:00:07","slug":"galatasaray-basantrenoru-yakup-sekizkokun-annesi-vefat-etti","status":"publish","type":"post","link":"https:\/\/haberbesiktas.tr\/?p=16365","title":{"rendered":"Galatasaray Ba\u015fantren\u00f6r\u00fc Yakup Sekizk\u00f6k&#8217;\u00fcn annesi vefat etti"},"content":{"rendered":"<div>\n<p>Galatasaray Erkek Basketbol Grubu Ba\u015fantren\u00f6r\u00fc Yakup Sekizk\u00f6k&#8217;\u00fcn annesi T\u00fcrkay Sekizk\u00f6k vefat etti.<\/p>\n<p> Sar\u0131-k\u0131rm\u0131z\u0131l\u0131 kul\u00fcpten yap\u0131lan a\u00e7\u0131klamada, &#8220;Merhume T\u00fcrkay Sekizk\u00f6k&#8217;e Allah&#8217;tan rahmet, Sekizk\u00f6k ailesine ve yak\u0131nlar\u0131na ba\u015fsa\u011fl\u0131\u011f\u0131 dileriz.&#8221; denildi.<\/p>\n<p> Sekizk\u00f6k&#8217;\u00fcn cenazesinin yar\u0131n Barbaros Hayrettin Pa\u015fa Levent Mescidi&#8217;nde \u00f6\u011flen namaz\u0131n\u0131 m\u00fcteakip k\u0131l\u0131nacak cenaze namaz\u0131n\u0131n akabinde Kilyos Mezarl\u0131\u011f\u0131&#8217;na defnedilece\u011fi tabir edildi.<\/p>\n<p> \u00a0<\/p>\n<\/div>\n","protected":false},"excerpt":{"rendered":"<p>Galatasaray Erkek Basketbol Kadrosu Ba\u015fantren\u00f6r\u00fc Yakup Sekizk\u00f6k&#8217;\u00fcn annesi T\u00fcrkay Sekizk\u00f6k vefat etti.<\/p>\n","protected":false},"author":1,"featured_media":16366,"comment_status":"open","ping_status":"open","sticky":false,"template":"","format":"standard","meta":{"footnotes":""},"categories":[10],"tags":[1745],"class_list":["post-16365","post","type-post","status-publish","format-standard","has-post-thumbnail","hentry","category-basketbol","tag-sekizkok"],"_links":{"self":[{"href":"https:\/\/haberbesiktas.tr\/index.php?rest_route=\/wp\/v2\/posts\/16365","targetHints":{"allow":["GET"]}}],"collection":[{"href":"https:\/\/haberbesiktas.tr\/index.php?rest_route=\/wp\/v2\/posts"}],"about":[{"href":"https:\/\/haberbesiktas.tr\/index.php?rest_route=\/wp\/v2\/types\/post"}],"author":[{"embeddable":true,"href":"https:\/\/haberbesiktas.tr\/index.php?rest_route=\/wp\/v2\/users\/1"}],"replies":[{"embeddable":true,"href":"https:\/\/haberbesiktas.tr\/index.php?rest_route=%2Fwp%2Fv2%2Fcomments&post=16365"}],"version-history":[{"count":1,"href":"https:\/\/haberbesiktas.tr\/index.php?rest_route=\/wp\/v2\/posts\/16365\/revisions"}],"predecessor-version":[{"id":16367,"href":"https:\/\/haberbesiktas.tr\/index.php?rest_route=\/wp\/v2\/posts\/16365\/revisions\/16367"}],"wp:featuredmedia":[{"embeddable":true,"href":"https:\/\/haberbesiktas.tr\/index.php?rest_route=\/wp\/v2\/media\/16366"}],"wp:attachment":[{"href":"https:\/\/haberbesiktas.tr\/index.php?rest_route=%2Fwp%2Fv2%2Fmedia&parent=16365"}],"wp:term":[{"taxonomy":"category","embeddable":true,"href":"https:\/\/haberbesiktas.tr\/index.php?rest_route=%2Fwp%2Fv2%2Fcategories&post=16365"},{"taxonomy":"post_tag","embeddable":true,"href":"https:\/\/haberbesiktas.tr\/index.php?rest_route=%2Fwp%2Fv2%2Ftags&post=16365"}],"curies":[{"name":"wp","href":"https:\/\/api.w.org\/{rel}","templated":true}]}}