{"id":16368,"date":"2025-04-06T09:12:07","date_gmt":"2025-04-06T09:12:07","guid":{"rendered":"https:\/\/haberbesiktas.tr\/?p=16368"},"modified":"2025-04-06T09:12:07","modified_gmt":"2025-04-06T09:12:07","slug":"galatasaray-adana-demirspor-muhtemel-11ler","status":"publish","type":"post","link":"https:\/\/haberbesiktas.tr\/?p=16368","title":{"rendered":"Galatasaray &#8211; Adana Demirspor: Muhtemel 11&#8217;ler"},"content":{"rendered":"<div>Lider\u00a0Galatasaray, Trendyol Muhte\u015fem Lig&#8217;in 23. haftas\u0131nda alan\u0131nda Adana Demirspor ile kar\u015f\u0131la\u015facak.<\/p>\n<p> RAMS Park&#8217;taki kar\u015f\u0131la\u015fma, saat 19.00&#8217;da ba\u015flayacak. M\u00fcsabakada hakem O\u011fuzhan \u00c7ak\u0131r d\u00fcd\u00fck \u00e7alacak.<\/p>\n<p> Ligde 21 ma\u00e7a \u00e7\u0131kan sar\u0131-k\u0131rm\u0131z\u0131l\u0131 tak\u0131m, 18 galibiyet, 3 beraberlik ya\u015fad\u0131. Yoluna nama\u011flup devam eden\u00a0Galatasaray, 57 puanla en yak\u0131n takip\u00e7isi Fenerbah\u00e7e&#8217;nin 6 puan \u00f6n\u00fcnde liderlik koltu\u011funda oturuyor.<\/p>\n<p> Sorunlu bir d\u00f6nem ge\u00e7iren mavi-lacivertli grup ise 21 kar\u015f\u0131la\u015fmada iki\u015fer galibiyet ve beraberlik elde edebildi. 17 m\u00fcsabakada yenilen 3 puan\u0131 silinen Adana temsilcisi, 5 puanla son basamakta yer al\u0131yor.<\/p>\n<p> \u0130ki kadro ortas\u0131nda d\u00f6nemin birinci yar\u0131s\u0131nda Adana&#8217;da yap\u0131lan m\u00fcsabakay\u0131\u00a0Galatasaray\u00a05-1 kazand\u0131.<\/p>\n<p><strong><span><span>TUTTUR&#8217;DA OYNAMAK \u0130\u00c7\u0130N TIKLA<img decoding=\"async\" src=\"https:\/\/haberbesiktas.tr\/wp-content\/uploads\/2025\/04\/galatasaray-adana-demirspor-muhtemel-11ler-0-7ZOt3ZY6.png\"\/><\/p>\n<p><\/span>MUHTEMEL 11&#8217;LER<\/p>\n<p>Galatasaray:<\/span><\/strong><span> G\u00fcnay, Kaan, Sanchez, Metehan, Jelert, Berkan, Sara, Sallai, Mertens, Morata, Osimhen<\/p>\n<p><\/span><span><strong>Adana Demirspor:<\/strong> Deniz, Arda Okan, Semih, Burhan, Abdulsamet, \u0130zzet, Maestro, Ali Yavuz, Yusuf, Alioui, Aymbetov<br \/><\/span><strong><span><br \/><img decoding=\"async\" src=\"https:\/\/haberbesiktas.tr\/wp-content\/uploads\/2025\/04\/galatasaray-adana-demirspor-muhtemel-11ler-1-se1mzDi6.jpg\"\/><br \/><\/span><\/strong><\/p>\n<p> <strong><span>S\u00dcPER L\u0130G&#8217;DE NAMA\u011eLUP YOLUNA DEVAM ED\u0130YOR<\/span><\/strong><\/p>\n<p><span>Galatasaray, Muhte\u015fem Lig&#8217;deki son 22 ma\u00e7\u0131nda ma\u011flup olmad\u0131.<\/span><\/p>\n<p> Ligde son yenilgisini ge\u00e7en d\u00f6nemin 37. haftas\u0131nda alan\u0131ndaki Fenerbah\u00e7e derbisinde ya\u015fayan Okan Buruk&#8217;un \u00f6\u011frencilerinin, ge\u00e7en d\u00f6nem 1, bu d\u00f6nem da 21 kar\u015f\u0131la\u015fmada bile\u011fi b\u00fck\u00fclmedi.<\/p>\n<p> Galatasaray, kelam konusu ma\u00e7larda 19 galibiyet, 3 beraberlik elde etti.<\/p>\n<p> <strong>JAKOBS OYNAYAMAYACAK<\/strong><\/p>\n<p> &#8220;Cimbom&#8221; da Ismail Jakobs sakatl\u0131\u011f\u0131 nedeniyle ekipteki yerini alamayacak.<\/p>\n<p> A\u015fil tendonunda k\u0131smi hasar olan Jakobs, UEFA Avrupa Ligi&#8217;ndeki Ajax ve \u00dcst\u00fcn Lig&#8217;deki Gaziantep FK ma\u00e7lar\u0131n\u0131n akabinde yar\u0131nki m\u00fcsabakada vazife yapamayacak.<\/p>\n<p> Senegalli sol bekin yan\u0131 s\u0131ra sakatl\u0131\u011f\u0131 nedeniyle d\u00f6nemi kapatan Arjantinli y\u0131ld\u0131z Mauro Icardi de m\u00fchlet bulamayacak.<\/p>\n<p> <strong>4 FUTBOLCU CEZALI <\/strong><\/p>\n<p>Galatasaray&#8217;da d\u00f6rt futbolcu cezas\u0131 nedeniyle Adana Demirspor&#8217;a kar\u015f\u0131 forma giyemeyecek.<\/p>\n<p> Ligin 22. haftas\u0131nda yap\u0131lan Gaziantep FK ma\u00e7\u0131nda sar\u0131 kart g\u00f6rerek cezal\u0131 duruma d\u00fc\u015fen Fernando Muslera, Lucas Torreira, Bar\u0131\u015f Alper Y\u0131lmaz ve Abd\u00fclkerim Bardakc\u0131, mavi-lacivertlilere kar\u015f\u0131 u\u011fra\u015f edemeyecek.<\/p>\n<p> Galatasaray&#8217;da Yunus Akg\u00fcn ile yeni transferlerden Ahmed Kutucu, sar\u0131 kart ceza hududunda bulunuyor. \u0130ki futbolcu yar\u0131nki m\u00fcsabakada kart g\u00f6rmeleri durumunda 24. haftadaki \u00c7aykur Rizespor ma\u00e7\u0131 \u00f6ncesi cezal\u0131 duruma d\u00fc\u015fecek.<\/p>\n<p> <strong>MORATA, TARAFTARININ \u00d6N\u00dcNE \u00c7IKACAK<\/strong><\/p>\n<p>Galatasaray&#8217;\u0131n yeni transferi Alvaro Morata, teknik y\u00f6netici Okan Buruk&#8217;un misyon vermesi durumunda birinci defa RAMS Park&#8217;ta sar\u0131-k\u0131rm\u0131z\u0131l\u0131 taraftar\u0131n \u00f6n\u00fcne \u00e7\u0131kacak.<\/p>\n<p> Sar\u0131-k\u0131rm\u0131z\u0131l\u0131 formay\u0131 birinci kere 22. haftada deplasmandaki Gaziantep FK ma\u00e7\u0131nda giyen \u0130spanyol santrfor, ikinci kere ise Ziraat T\u00fcrkiye Kupas\u0131&#8217;nda d\u0131\u015f alanda Geosis Boluspor ma\u00e7\u0131nda terletti.<\/p>\n<p> Boluspor u\u011fra\u015f\u0131nda a\u011flar\u0131 havaland\u0131rarak\u00a0Galatasaray\u00a0formas\u0131yla birinci gol\u00fcn\u00fc atan Morata, yar\u0131n birinci defa sar\u0131-k\u0131rm\u0131z\u0131l\u0131 taraftarlarla bulu\u015facak.<\/p>\n<p> <strong>YEN\u0130 TRANSFERLER G\u00d6R\u00dcC\u00dcYE \u00c7IKACAK<\/strong><\/p>\n<p>Sar\u0131-k\u0131rm\u0131z\u0131l\u0131 grubun yeni transferleri Carlos Cuesta ve Mario Lemina teknik y\u00f6netici Okan Buruk&#8217;un vazife vermesi halinde alana \u00e7\u0131kabilecek.<\/p>\n<p> Kolombiya Ulusal Grubu&#8217;ndan Davinson Sanchez&#8217;in partneri Cuesta, ahenk sorunu ya\u015fayamayaca\u011f\u0131 i\u00e7in Abd\u00fclkerim Bardakc\u0131&#8217;n\u0131n cezal\u0131 oldu\u011fu haftada Okan Buruk&#8217;un elini rahatlatacak. Grupla \u00e7al\u0131\u015fmalara kat\u0131lan 25 ya\u015f\u0131ndaki stoperin yar\u0131n birinci sefer sar\u0131-k\u0131rm\u0131z\u0131l\u0131 formayla alana \u00e7\u0131kmas\u0131 bekleniyor.<\/p>\n<p> \u0130ngiltere&#8217;nin Wolverhampton Wanderers ekibinden al\u0131nan Mario Lemina ise son idmanda kadrodan ba\u015fka atletik performans uzman\u0131 e\u015fli\u011finde \u00e7al\u0131\u015ft\u0131. Son durumu bug\u00fcnk\u00fc idman\u0131n akabinde a\u015fik\u00e2r olacak Gabonlu orta saha oyuncusu,\u00a0Galatasaray\u00a0taraftar\u0131yla tekrar bulu\u015fmak i\u00e7in sab\u0131rs\u0131zlan\u0131yor.<\/p>\n<p> 2019-20 d\u00f6neminde sar\u0131-k\u0131rm\u0131z\u0131l\u0131 formay\u0131 giyen Lemina, yakla\u015f\u0131k 4,5 y\u0131l sonra yine sar\u0131-k\u0131rm\u0131z\u0131l\u0131 gruba d\u00f6nd\u00fc.\u00a0Galatasaray&#8217;daki son ma\u00e7\u0131na 28 Haziran 2020&#8217;de \u00e7\u0131kan Lemina, yar\u0131n forma giymesi durumunda 1687 g\u00fcn sonra sar\u0131-k\u0131rm\u0131z\u0131l\u0131 formayla \u00e7aba edecek.<\/p>\n<p> <strong>SON 29 KAR\u015eILA\u015eMADA GOL ATTI<\/strong><\/p>\n<p>Galatasaray, son 29 resmi kar\u015f\u0131la\u015fmada fileleri havaland\u0131rd\u0131.<\/p>\n<p> Gol atamad\u0131\u011f\u0131 son resmi \u00e7abay\u0131 27 Haziran 2024&#8217;te UEFA \u015eampiyonlar Ligi elemeleri play-off \u00e7e\u015fidi r\u00f6van\u015f m\u00fcsabakas\u0131nda \u0130svi\u00e7re temsilcisi Young Boys kar\u015f\u0131s\u0131nda oynayan sar\u0131-k\u0131rm\u0131z\u0131l\u0131 grup, sonras\u0131ndaki 19 S\u00fcper Lig, 8 UEFA Avrupa Ligi ve 2 Ziraat T\u00fcrkiye Kupas\u0131 ma\u00e7\u0131nda gol buldu.<\/p>\n<p> Bu s\u00fcre\u00e7te ligde 50 gol atan\u00a0Galatasaray, UEFA Avrupa Ligi&#8217;nde 19, T\u00fcrkiye Kupas\u0131&#8217;nda ise 6 defa fileleri havaland\u0131rd\u0131.<\/p>\n<p> <strong>\u0130K\u0130 MA\u00c7TA GOL YEMED\u0130<\/strong><\/p>\n<p> Galatasaray, Trendyol S\u00fcper Lig&#8217;de \u00e7\u0131kt\u0131\u011f\u0131 son 2 ma\u00e7ta kalesini gole kapatt\u0131.<\/p>\n<p> Sar\u0131-k\u0131rm\u0131z\u0131l\u0131 tak\u0131m, 21. haftadaki T\u00dcMOSAN Konyaspor ve 22. haftada Gaziantep FK kar\u015f\u0131la\u015fmalar\u0131n\u0131 1-0&#8217;l\u0131k skorla kazand\u0131 ve kelam konusu 2 ma\u00e7ta da rakiplerinin fileleri havaland\u0131rmas\u0131na m\u00fcsaade vermedi.<\/p>\n<p><strong>42. RANDEVU<\/strong><\/p>\n<div> Galatasaray ile\u00a0Adana\u00a0Demirspor, S\u00fcper Lig&#8217;de 42. sefer kar\u015f\u0131 kar\u015f\u0131ya gelecek.<\/p>\n<p> Adana&#8217;da 2 Ekim 1960&#8217;ta oynanan ve 2-2 sona eren ma\u00e7la ba\u015flayan iki ekip ortas\u0131ndaki 3 puan u\u011fra\u015f\u0131nda Galatasaray 23,\u00a0Adana\u00a0Demirspor 9 galibiyet al\u0131rken 9 m\u00fcsabaka beraberlikle sonu\u00e7land\u0131.<\/p>\n<p> Galatasaray&#8217;\u0131n 41 ma\u00e7ta att\u0131\u011f\u0131 72 gole kar\u015f\u0131l\u0131k\u00a0Adana\u00a0Demirspor, 33 sefer gol sevinci ya\u015fad\u0131.<\/p>\n<p> <strong>\u0130STANBUL&#8217;DAK\u0130 MA\u00c7LAR<\/strong><\/p>\n<p>\u0130ki ekip ortas\u0131nda \u0130stanbul&#8217;da yap\u0131lan ma\u00e7larda sar\u0131-k\u0131rm\u0131z\u0131l\u0131 ekibin \u00fcst\u00fcnl\u00fc\u011f\u00fc bulunuyor.<\/p>\n<p> Ligde \u0130stanbul&#8217;da yap\u0131lan 20 m\u00fcsabakada Galatasaray 16,\u00a0Adana\u00a0Demirspor ise 2 galibiyet ald\u0131. Kar\u015f\u0131la\u015fmalardan 2&#8217;si de beraberlikle sonu\u00e7land\u0131. \u0130stanbul&#8217;daki ma\u00e7larda sar\u0131-k\u0131rm\u0131z\u0131l\u0131lar 49, mavi-lacivertliler ise 16 defa fileleri havaland\u0131rd\u0131.<\/p>\n<p> Sar\u0131-k\u0131rm\u0131z\u0131l\u0131 grup,\u00a0Adana\u00a0temsilcisi ile alan\u0131nda yapt\u0131\u011f\u0131 son 10 S\u00fcper Lig ma\u00e7\u0131n\u0131 kazand\u0131. Galatasaray, bu galibiyetlerin 9&#8217;unda rakip filelere en az 2 gol g\u00f6nderdi. Kelam konusu ma\u00e7larda Galatasaray 33,\u00a0Adana\u00a0Demirspor ise 7 gol buldu.<\/p>\n<p> &#8220;Mavi \u015eim\u015fekler&#8221; Galatasaray deplasman\u0131nda son galibiyetini 1981 y\u0131l\u0131nda 2-0&#8217;l\u0131k skorla elde etti.<\/p>\n<p> <strong>EN FARKLI SKORLAR<\/strong><\/p>\n<p>\u0130ki tak\u0131m ortas\u0131ndaki rekabette en farkl\u0131 galibiyetlere sar\u0131-k\u0131rm\u0131z\u0131l\u0131 grup imza att\u0131.<\/p>\n<p> Galatasaray, rakibini 1983-84 d\u00f6neminde alan\u0131nda 9-2, 1987-88 d\u00f6neminde ise deplasmanda 5-0 ma\u011flup etti.<\/p>\n<p> Adana\u00a0Demirspor ise sar\u0131-k\u0131rm\u0131z\u0131l\u0131lar kar\u015f\u0131s\u0131ndaki en farkl\u0131 galibiyetini 1982-83 d\u00f6neminde alan\u0131nda 3-0&#8217;l\u0131k skorla ald\u0131.<\/p>\n<div>\u00a0<\/div>\n<\/p><\/div>\n<div>\u00a0<\/div>\n<\/div>\n","protected":false},"excerpt":{"rendered":"<p>\u00d6nder Galatasaray, Trendyol Harika Lig&#8217;in 23. haftas\u0131nda Adana Demirspor&#8217;u konuk edecek.<\/p>\n","protected":false},"author":1,"featured_media":16369,"comment_status":"open","ping_status":"open","sticky":false,"template":"","format":"standard","meta":{"footnotes":""},"categories":[25],"tags":[113,129,77,508,52],"class_list":["post-16368","post","type-post","status-publish","format-standard","has-post-thumbnail","hentry","category-futbol","tag-adana","tag-galatasaray","tag-gol","tag-sari-kirmizili","tag-takim"],"_links":{"self":[{"href":"https:\/\/haberbesiktas.tr\/index.php?rest_route=\/wp\/v2\/posts\/16368","targetHints":{"allow":["GET"]}}],"collection":[{"href":"https:\/\/haberbesiktas.tr\/index.php?rest_route=\/wp\/v2\/posts"}],"about":[{"href":"https:\/\/haberbesiktas.tr\/index.php?rest_route=\/wp\/v2\/types\/post"}],"author":[{"embeddable":true,"href":"https:\/\/haberbesiktas.tr\/index.php?rest_route=\/wp\/v2\/users\/1"}],"replies":[{"embeddable":true,"href":"https:\/\/haberbesiktas.tr\/index.php?rest_route=%2Fwp%2Fv2%2Fcomments&post=16368"}],"version-history":[{"count":1,"href":"https:\/\/haberbesiktas.tr\/index.php?rest_route=\/wp\/v2\/posts\/16368\/revisions"}],"predecessor-version":[{"id":16372,"href":"https:\/\/haberbesiktas.tr\/index.php?rest_route=\/wp\/v2\/posts\/16368\/revisions\/16372"}],"wp:featuredmedia":[{"embeddable":true,"href":"https:\/\/haberbesiktas.tr\/index.php?rest_route=\/wp\/v2\/media\/16369"}],"wp:attachment":[{"href":"https:\/\/haberbesiktas.tr\/index.php?rest_route=%2Fwp%2Fv2%2Fmedia&parent=16368"}],"wp:term":[{"taxonomy":"category","embeddable":true,"href":"https:\/\/haberbesiktas.tr\/index.php?rest_route=%2Fwp%2Fv2%2Fcategories&post=16368"},{"taxonomy":"post_tag","embeddable":true,"href":"https:\/\/haberbesiktas.tr\/index.php?rest_route=%2Fwp%2Fv2%2Ftags&post=16368"}],"curies":[{"name":"wp","href":"https:\/\/api.w.org\/{rel}","templated":true}]}}