{"id":16379,"date":"2025-04-06T09:48:05","date_gmt":"2025-04-06T09:48:05","guid":{"rendered":"https:\/\/haberbesiktas.tr\/?p=16379"},"modified":"2025-04-06T09:48:05","modified_gmt":"2025-04-06T09:48:05","slug":"ismael-garcia-gomezden-morata-yorumu","status":"publish","type":"post","link":"https:\/\/haberbesiktas.tr\/?p=16379","title":{"rendered":"Ismael Garcia Gomez&#8217;den Morata yorumu!"},"content":{"rendered":"<div>Galatasaray&#8217;da Teknik Y\u00f6netici Okan Buruk&#8217;un yard\u0131mc\u0131s\u0131 Ismael Garcia Gomez, \u0130spanyol medyas\u0131ndan Marca&#8217;ya konu\u015ftu.<\/p>\n<p><strong>&#8220;ERTES\u0130 G\u00dcN EK\u0130B\u0130N PAR\u00c7ASIYDI&#8221;<\/strong><\/p>\n<p> Morata transferi hakk\u0131nda a\u00e7\u0131klamalarda bulunan Garcia,<strong> &#8220;Karakteri, sadeli\u011fi ve birinci dakikadan itibaren getirdi\u011fi uygun g\u00fc\u00e7 sayesinde adaptasyonu \u00e7ok kolay oldu. Gaziantep ma\u00e7\u0131 i\u00e7in ak\u015fam otele geldi ve sonraki sabah herkes \u00fczere o da grubun bir kesimiydi.&#8221;<\/strong> s\u00f6zlerini kulland\u0131.<\/p>\n<p><strong>&#8220;KOLAY \u0130RT\u0130BAT KURDU&#8221;<\/strong><\/p>\n<p> Gomez,<strong> &#8220;Sadece Muslera, Torreira ve Davinson Sanchez \u00fczere oyuncularla de\u011fil, birebir vakitte bir \u015feyler sormak i\u00e7in yakla\u015ft\u0131\u011f\u0131 birka\u00e7 T\u00fcrk oyuncuyla da kolay ba\u011flant\u0131 kurdu.&#8221;<\/strong> diye konu\u015ftu.<\/p>\n<p> Alvaro Morata&#8217;n\u0131n Galatasaray&#8217;daki birinci g\u00fcnlerinin a\u011f\u0131r ge\u00e7ti\u011fini s\u00f6yleyen Gomez, <strong>&#8220;Tak\u0131mla birinci idmanlar, birinci ma\u00e7, kupada gol att\u0131\u011f\u0131 birinci ma\u00e7. Ayr\u0131yeten al\u0131\u015f\u0131lmad\u0131k \u015fartlardayd\u0131, kar ya\u011f\u0131yordu ve hava s\u0131f\u0131r\u0131n alt\u0131ndayd\u0131.&#8221;<\/strong> kelamlar\u0131n\u0131 sarf etti.<\/p>\n<p><strong>&#8220;B\u0130ZE \u00c7OK \u015eEY KATACAK&#8221;<\/strong><\/p>\n<p> Ismael Garcia Gomez, <strong>&#8220;Bize \u00e7ok \u015fey katacak. Alanda ili\u015fki oyununda bize ekstra katk\u0131 verebilece\u011fine inan\u0131yoruz. Bunu son iki y\u0131lda hem kul\u00fcb\u00fcnde hem de ulusal grupta g\u00f6rd\u00fck. Bu alanda kendisini \u00e7ok geli\u015ftirdi. Liderli\u011fi ve deneyimiyle ekibin maksatlar\u0131na yard\u0131mc\u0131 olaca\u011f\u0131n\u0131 umuyoruz.&#8221;<\/strong> dedi.<\/p>\n<p> Galatasaray&#8217;\u0131n ligde Gaziantep FK ile oynad\u0131\u011f\u0131 ma\u00e7ta sonradan oyuna dahil olan \u0130spanyol golc\u00fc, T\u00fcrkiye Kupas\u0131&#8217;nda ise Boluspor deplasman\u0131nda birinci 11&#8217;de ba\u015flad\u0131\u011f\u0131 ma\u00e7ta fileleri havaland\u0131rm\u0131\u015ft\u0131.<\/p>\n<\/div>\n","protected":false},"excerpt":{"rendered":"<p>Galatasaray&#8217;da yard\u0131mc\u0131 antren\u00f6r Ismael Garcia Gomez, Alvaro Morata transferini k\u0131ymetlendirdi.<\/p>\n","protected":false},"author":1,"featured_media":16380,"comment_status":"open","ping_status":"open","sticky":false,"template":"","format":"standard","meta":{"footnotes":""},"categories":[25],"tags":[],"class_list":["post-16379","post","type-post","status-publish","format-standard","has-post-thumbnail","hentry","category-futbol"],"_links":{"self":[{"href":"https:\/\/haberbesiktas.tr\/index.php?rest_route=\/wp\/v2\/posts\/16379","targetHints":{"allow":["GET"]}}],"collection":[{"href":"https:\/\/haberbesiktas.tr\/index.php?rest_route=\/wp\/v2\/posts"}],"about":[{"href":"https:\/\/haberbesiktas.tr\/index.php?rest_route=\/wp\/v2\/types\/post"}],"author":[{"embeddable":true,"href":"https:\/\/haberbesiktas.tr\/index.php?rest_route=\/wp\/v2\/users\/1"}],"replies":[{"embeddable":true,"href":"https:\/\/haberbesiktas.tr\/index.php?rest_route=%2Fwp%2Fv2%2Fcomments&post=16379"}],"version-history":[{"count":1,"href":"https:\/\/haberbesiktas.tr\/index.php?rest_route=\/wp\/v2\/posts\/16379\/revisions"}],"predecessor-version":[{"id":16381,"href":"https:\/\/haberbesiktas.tr\/index.php?rest_route=\/wp\/v2\/posts\/16379\/revisions\/16381"}],"wp:featuredmedia":[{"embeddable":true,"href":"https:\/\/haberbesiktas.tr\/index.php?rest_route=\/wp\/v2\/media\/16380"}],"wp:attachment":[{"href":"https:\/\/haberbesiktas.tr\/index.php?rest_route=%2Fwp%2Fv2%2Fmedia&parent=16379"}],"wp:term":[{"taxonomy":"category","embeddable":true,"href":"https:\/\/haberbesiktas.tr\/index.php?rest_route=%2Fwp%2Fv2%2Fcategories&post=16379"},{"taxonomy":"post_tag","embeddable":true,"href":"https:\/\/haberbesiktas.tr\/index.php?rest_route=%2Fwp%2Fv2%2Ftags&post=16379"}],"curies":[{"name":"wp","href":"https:\/\/api.w.org\/{rel}","templated":true}]}}