{"id":16382,"date":"2025-04-06T10:00:07","date_gmt":"2025-04-06T10:00:07","guid":{"rendered":"https:\/\/haberbesiktas.tr\/?p=16382"},"modified":"2025-04-06T10:00:07","modified_gmt":"2025-04-06T10:00:07","slug":"fenerbahce-ahmetcan-kaplan-icin-yeniden-devrede","status":"publish","type":"post","link":"https:\/\/haberbesiktas.tr\/?p=16382","title":{"rendered":"Fenerbah\u00e7e Ahmetcan Kaplan i\u00e7in yeniden devrede!"},"content":{"rendered":"<div>Transfer periyodunun fla\u015f grubu Fenerbah\u00e7e&#8217;de yeniden stoper transferi g\u00fcndeme geldi. Sar\u0131-Lacivertliler, ulusal futbolcu Ahmetcan Kaplan i\u00e7in yine devreye girdi.<\/p>\n<p> Samet Akaydin ile yollar\u0131n\u0131 ay\u0131ran, Serdar Y\u00fcce&#8217;yi tak\u0131m d\u0131\u015f\u0131 b\u0131rakan Fenerbah\u00e7e&#8217;de Rodrigo Becao ve Jayden Oosterwolde ise sakatl\u0131klar\u0131 nedeniyle d\u00f6nemi kapatm\u0131\u015ft\u0131.<\/p>\n<p> Bunun \u00fczerine Milan Skriniar ve Diego Carlos&#8217;u renklerine katan sar\u0131 lacivertlilerde savunmadaki kabus kald\u0131\u011f\u0131 yerden devam ediyor.<\/p>\n<p> Kupadaki Erzurum gayreti de\u011ferliye patlad\u0131. Yusuf Ak\u00e7i\u00e7ek, Alexander Djiku ve Diego Carlos ya\u015fad\u0131klar\u0131 sakatl\u0131k nedeniyle bir m\u00fcddet alanlardan uzak kalacak.<\/p>\n<p> Bu y\u00fczden elinde yaln\u0131zca Milan Skriniar ve \u00c7a\u011flar S\u00f6y\u00fcnc\u00fc kalan sar\u0131-lacivertliler, d\u00f6nem ba\u015f\u0131nda ve orta transfer periyodunda g\u00fcndeme gelen Ajax&#8217;\u0131n y\u0131ld\u0131z\u0131 Ahmetcan Kaplan i\u00e7in yine harekete ge\u00e7ti.<\/p>\n<p> <strong>SATIN ALMA OPS\u0130YONLU K\u0130RALAMA PLANI<\/strong><\/p>\n<p> 22 ya\u015f\u0131ndaki futbolcuyu sat\u0131n alma opsiyonuyla kiralamak isteyen idare, savunmada ya\u015fanan \u0131st\u0131raplar\u0131 gidermek istiyor.<\/p>\n<p> <strong>BU D\u00d6NEM 8 MA\u00c7<\/strong><\/p>\n<p> 2003 do\u011fumlu futbolcu, bu d\u00f6nem t\u00fcm kulvarlarda Ajax formas\u0131 ile 8 ma\u00e7a \u00e7\u0131kt\u0131. Kaplan, bu m\u00fcsabakalarda 1 sefer de a\u011flar\u0131 havaland\u0131rd\u0131.\u00a0<\/p>\n<div>\u00a0<\/div>\n<\/div>\n","protected":false},"excerpt":{"rendered":"<p>Fenerbah\u00e7e&#8217;de savunmada ya\u015fanan sakatl\u0131klar sonras\u0131nda Ajax&#8217;ta oynayan 22 ya\u015f\u0131ndaki Ahmetcan Kaplan i\u00e7in tekrar harekete ge\u00e7ildi.<\/p>\n","protected":false},"author":1,"featured_media":16383,"comment_status":"open","ping_status":"open","sticky":false,"template":"","format":"standard","meta":{"footnotes":""},"categories":[25],"tags":[],"class_list":["post-16382","post","type-post","status-publish","format-standard","has-post-thumbnail","hentry","category-futbol"],"_links":{"self":[{"href":"https:\/\/haberbesiktas.tr\/index.php?rest_route=\/wp\/v2\/posts\/16382","targetHints":{"allow":["GET"]}}],"collection":[{"href":"https:\/\/haberbesiktas.tr\/index.php?rest_route=\/wp\/v2\/posts"}],"about":[{"href":"https:\/\/haberbesiktas.tr\/index.php?rest_route=\/wp\/v2\/types\/post"}],"author":[{"embeddable":true,"href":"https:\/\/haberbesiktas.tr\/index.php?rest_route=\/wp\/v2\/users\/1"}],"replies":[{"embeddable":true,"href":"https:\/\/haberbesiktas.tr\/index.php?rest_route=%2Fwp%2Fv2%2Fcomments&post=16382"}],"version-history":[{"count":1,"href":"https:\/\/haberbesiktas.tr\/index.php?rest_route=\/wp\/v2\/posts\/16382\/revisions"}],"predecessor-version":[{"id":16384,"href":"https:\/\/haberbesiktas.tr\/index.php?rest_route=\/wp\/v2\/posts\/16382\/revisions\/16384"}],"wp:featuredmedia":[{"embeddable":true,"href":"https:\/\/haberbesiktas.tr\/index.php?rest_route=\/wp\/v2\/media\/16383"}],"wp:attachment":[{"href":"https:\/\/haberbesiktas.tr\/index.php?rest_route=%2Fwp%2Fv2%2Fmedia&parent=16382"}],"wp:term":[{"taxonomy":"category","embeddable":true,"href":"https:\/\/haberbesiktas.tr\/index.php?rest_route=%2Fwp%2Fv2%2Fcategories&post=16382"},{"taxonomy":"post_tag","embeddable":true,"href":"https:\/\/haberbesiktas.tr\/index.php?rest_route=%2Fwp%2Fv2%2Ftags&post=16382"}],"curies":[{"name":"wp","href":"https:\/\/api.w.org\/{rel}","templated":true}]}}