{"id":16385,"date":"2025-04-06T10:12:06","date_gmt":"2025-04-06T10:12:06","guid":{"rendered":"https:\/\/haberbesiktas.tr\/?p=16385"},"modified":"2025-04-06T10:12:06","modified_gmt":"2025-04-06T10:12:06","slug":"murat-ozbostan-derbide-yabanci-hakem-olmaz","status":"publish","type":"post","link":"https:\/\/haberbesiktas.tr\/?p=16385","title":{"rendered":"Murat \u00d6zbostan: &#8220;Derbide yabanc\u0131 hakem olmaz&#8221;"},"content":{"rendered":"<div>Murat \u00d6zbostan, Sabah&#8217;ta \u00f6n\u00fcm\u00fczdeki haftalarda oynanacak Galatasaray &#8211; Fenerbah\u00e7e derbisi ile ilgili de\u011ferlendirmede bulundu.<\/p>\n<p> \u00d6zbostan, derbi i\u00e7in g\u00fcndeme gelen yabanc\u0131 hakem i\u00e7in yorum yapt\u0131.<\/p>\n<p> <strong>Murat \u00d6zbostan&#8217;\u0131n de\u011ferlendirmeleri \u015fu bi\u00e7imde:<\/strong><\/p>\n<p> &#8220;\u00d6n\u00fcm\u00fczdeki haftalarda Galatasaray-Fenerbah\u00e7e m\u00fcsabakas\u0131 var. Daha ma\u00e7 oynanmadan orta hakemin de yabanc\u0131 olup olmamas\u0131 tart\u0131\u015fmas\u0131 g\u00fcndemde\u2026 Fenerbah\u00e7e istiyor, Okan Buruk kap\u0131y\u0131 a\u00e7\u0131k b\u0131rakt\u0131, T\u00fcrkiye Futbol Federasyonu nas\u0131l bir karar verecek merak konusu. Ben \u00f6ncelikle \u015funu belirteyim, birinci ma\u00e7\u0131 yerli bir hakem y\u00f6netmi\u015fken ikinci ma\u00e7ta yabanc\u0131 bir hakemin olmas\u0131 ger\u00e7ek olur mu? \u0130kincisi ise bu ma\u00e7a bir yabanc\u0131 hakem atarsan\u0131z T\u00fcrkiye&#8217;nin elindeki FIFA listesinde yer alan hakemlerin hepsine bu bir hakaret olur. O vakit bizim bu listedeki hakemlerimizin hi\u00e7bir manas\u0131, misyonlar\u0131, yetkinli\u011fi kalmaz. Yani bu i\u015fin \u00f6n\u00fcn\u00fc alamazs\u0131n\u0131z, bundan sonra \u00f6teki kul\u00fcpler de &#8216;Bizim ma\u00e7lar\u0131m\u0131z\u0131 yabanc\u0131 hakemler y\u00f6netsin&#8217; diye bayrak a\u00e7arlar ve bu tart\u0131\u015fmalar uzar masraf. M\u00fcnasebetiyle T\u00fcrkiye Futbol Federasyonu&#8217;nun derbiye yabanc\u0131 bir hakem atayaca\u011f\u0131n\u0131 sanm\u0131yorum. Atarsa da bu b\u00fcy\u00fck bir yanl\u0131\u015fl\u0131k olur.&#8221;<\/p>\n<\/div>\n","protected":false},"excerpt":{"rendered":"<p>Murat \u00d6zbostan, S\u00fcper Lig&#8217;de oynanacak Galatasaray &#8211; Fenerbah\u00e7e derbisiyle ilgili de\u011ferlendirmede bulundu ve derbide yabanc\u0131 hakemin vazife yapmas\u0131n\u0131n g\u00fc\u00e7 oldu\u011funu s\u00f6yledi.<\/p>\n","protected":false},"author":1,"featured_media":16386,"comment_status":"open","ping_status":"open","sticky":false,"template":"","format":"standard","meta":{"footnotes":""},"categories":[25],"tags":[62,50,144],"class_list":["post-16385","post","type-post","status-publish","format-standard","has-post-thumbnail","hentry","category-futbol","tag-hakem","tag-mac","tag-yabanci"],"_links":{"self":[{"href":"https:\/\/haberbesiktas.tr\/index.php?rest_route=\/wp\/v2\/posts\/16385","targetHints":{"allow":["GET"]}}],"collection":[{"href":"https:\/\/haberbesiktas.tr\/index.php?rest_route=\/wp\/v2\/posts"}],"about":[{"href":"https:\/\/haberbesiktas.tr\/index.php?rest_route=\/wp\/v2\/types\/post"}],"author":[{"embeddable":true,"href":"https:\/\/haberbesiktas.tr\/index.php?rest_route=\/wp\/v2\/users\/1"}],"replies":[{"embeddable":true,"href":"https:\/\/haberbesiktas.tr\/index.php?rest_route=%2Fwp%2Fv2%2Fcomments&post=16385"}],"version-history":[{"count":1,"href":"https:\/\/haberbesiktas.tr\/index.php?rest_route=\/wp\/v2\/posts\/16385\/revisions"}],"predecessor-version":[{"id":16387,"href":"https:\/\/haberbesiktas.tr\/index.php?rest_route=\/wp\/v2\/posts\/16385\/revisions\/16387"}],"wp:featuredmedia":[{"embeddable":true,"href":"https:\/\/haberbesiktas.tr\/index.php?rest_route=\/wp\/v2\/media\/16386"}],"wp:attachment":[{"href":"https:\/\/haberbesiktas.tr\/index.php?rest_route=%2Fwp%2Fv2%2Fmedia&parent=16385"}],"wp:term":[{"taxonomy":"category","embeddable":true,"href":"https:\/\/haberbesiktas.tr\/index.php?rest_route=%2Fwp%2Fv2%2Fcategories&post=16385"},{"taxonomy":"post_tag","embeddable":true,"href":"https:\/\/haberbesiktas.tr\/index.php?rest_route=%2Fwp%2Fv2%2Ftags&post=16385"}],"curies":[{"name":"wp","href":"https:\/\/api.w.org\/{rel}","templated":true}]}}