{"id":16388,"date":"2025-04-06T10:24:06","date_gmt":"2025-04-06T10:24:06","guid":{"rendered":"https:\/\/haberbesiktas.tr\/?p=16388"},"modified":"2025-04-06T10:24:06","modified_gmt":"2025-04-06T10:24:06","slug":"dusan-tadic-kararini-veremedi","status":"publish","type":"post","link":"https:\/\/haberbesiktas.tr\/?p=16388","title":{"rendered":"Dusan Tadic karar\u0131n\u0131 veremedi"},"content":{"rendered":"<div>Bu d\u00f6nem forma giydi\u011fi ma\u00e7larda verdi\u011fi skor katk\u0131s\u0131 ile Fenerbah\u00e7e&#8217;yi s\u0131rtlayan isimlerin ba\u015f\u0131nda gelen Dusan Tadic, gelece\u011fi ile ilgili \u015fimdi karar\u0131n\u0131 vermi\u015f de\u011fil.<\/p>\n<p> <strong>SEZON SONUNDA KARAR VERECEK<\/strong><\/p>\n<p> \u0130smi eski kadrosu Ajax ile de an\u0131lan 36 ya\u015f\u0131ndaki deneyimli isim, d\u00f6nem sonunda gelece\u011fi ile ilgili karar\u0131n\u0131 verecek.<\/p>\n<p> <strong>FENERBAH\u00c7E, 1 YIL DAHA UZATMAK \u0130ST\u0130YOR<\/strong><\/p>\n<p> Sar\u0131-lacivertli idare, performans\u0131ndan ve saha i\u00e7erisindeki liderli\u011finden \u015fad kald\u0131\u011f\u0131 s\u0131rp y\u0131ld\u0131zla 1 y\u0131l daha uzatmak istiyor.<\/p>\n<p> <strong>PERFORMANSI<\/strong><\/p>\n<p> Dusan Tadic, bu d\u00f6nem Fenerbah\u00e7e formas\u0131yla \u00e7\u0131kt\u0131\u011f\u0131 33 resmi ma\u00e7ta 9 gol 15 asistlik katk\u0131 sa\u011flad\u0131.\u00a0\u00a0<\/p>\n<div>\u00a0<\/div>\n<p> \u00a0<\/p>\n<p> \u00a0<\/p>\n<\/div>\n","protected":false},"excerpt":{"rendered":"<p>\u0130smi eski ekibi Ajax ile de an\u0131lan Fenerbah\u00e7eli Dusan Tadic, d\u00f6nem sonunda gelece\u011fi ile ilgili karar\u0131n\u0131 verecek.<\/p>\n","protected":false},"author":1,"featured_media":16389,"comment_status":"open","ping_status":"open","sticky":false,"template":"","format":"standard","meta":{"footnotes":""},"categories":[25],"tags":[],"class_list":["post-16388","post","type-post","status-publish","format-standard","has-post-thumbnail","hentry","category-futbol"],"_links":{"self":[{"href":"https:\/\/haberbesiktas.tr\/index.php?rest_route=\/wp\/v2\/posts\/16388","targetHints":{"allow":["GET"]}}],"collection":[{"href":"https:\/\/haberbesiktas.tr\/index.php?rest_route=\/wp\/v2\/posts"}],"about":[{"href":"https:\/\/haberbesiktas.tr\/index.php?rest_route=\/wp\/v2\/types\/post"}],"author":[{"embeddable":true,"href":"https:\/\/haberbesiktas.tr\/index.php?rest_route=\/wp\/v2\/users\/1"}],"replies":[{"embeddable":true,"href":"https:\/\/haberbesiktas.tr\/index.php?rest_route=%2Fwp%2Fv2%2Fcomments&post=16388"}],"version-history":[{"count":1,"href":"https:\/\/haberbesiktas.tr\/index.php?rest_route=\/wp\/v2\/posts\/16388\/revisions"}],"predecessor-version":[{"id":16390,"href":"https:\/\/haberbesiktas.tr\/index.php?rest_route=\/wp\/v2\/posts\/16388\/revisions\/16390"}],"wp:featuredmedia":[{"embeddable":true,"href":"https:\/\/haberbesiktas.tr\/index.php?rest_route=\/wp\/v2\/media\/16389"}],"wp:attachment":[{"href":"https:\/\/haberbesiktas.tr\/index.php?rest_route=%2Fwp%2Fv2%2Fmedia&parent=16388"}],"wp:term":[{"taxonomy":"category","embeddable":true,"href":"https:\/\/haberbesiktas.tr\/index.php?rest_route=%2Fwp%2Fv2%2Fcategories&post=16388"},{"taxonomy":"post_tag","embeddable":true,"href":"https:\/\/haberbesiktas.tr\/index.php?rest_route=%2Fwp%2Fv2%2Ftags&post=16388"}],"curies":[{"name":"wp","href":"https:\/\/api.w.org\/{rel}","templated":true}]}}