{"id":16391,"date":"2025-04-06T10:36:06","date_gmt":"2025-04-06T10:36:06","guid":{"rendered":"https:\/\/haberbesiktas.tr\/?p=16391"},"modified":"2025-04-06T10:36:06","modified_gmt":"2025-04-06T10:36:06","slug":"solskjaerden-yonetime-transfer-talebi","status":"publish","type":"post","link":"https:\/\/haberbesiktas.tr\/?p=16391","title":{"rendered":"Solskjaer&#8217;den y\u00f6netime transfer talebi!"},"content":{"rendered":"<div>\n<p>Kanat b\u00f6lgesine Keny Arroyo&#8217;yu getiren, Amir Hadziahmetovic&#8217;in de \u00c7aykur Rizespor ile kiral\u0131k kontrat\u0131n\u0131n sonland\u0131r\u0131lmas\u0131 i\u00e7in mutabakat sa\u011flayan Be\u015fikta\u015f&#8217;ta g\u00f6zler yeni transfere \u00e7evrildi.\u00a0<\/p>\n<p> Onana, Ndour ve Musrati&#8217;nin ayr\u0131l\u0131\u011f\u0131 sonras\u0131 orta alanda me\u015fakkate giren siyah-beyazl\u0131larda teknik y\u00f6netici Ole Gunnar Solskjaer, yeni destek i\u00e7in idareyle g\u00f6r\u00fc\u015ft\u00fc.\u00a0<\/p>\n<p> Orta alanda savunmas\u0131 g\u00fc\u00e7l\u00fc oyuncu eksikli\u011fi ya\u015fad\u0131klar\u0131n\u0131 belirten Norve\u00e7li \u00e7al\u0131\u015ft\u0131r\u0131c\u0131n\u0131n, <strong>&#8220;Bana acil orta saha al\u0131n&#8221;<\/strong> dedi\u011fi \u00f6\u011frenildi. Be\u015fikta\u015fl\u0131 kurmaylar da sal\u0131 g\u00fcn\u00fc bitecek transfer devri \u00f6ncesi g\u00f6r\u00fc\u015fmeleri h\u0131zland\u0131rd\u0131.<\/p>\n<p> \u00a0<\/p>\n<div>\u00a0<\/div>\n<\/div>\n","protected":false},"excerpt":{"rendered":"<p>Be\u015fikta\u015f teknik y\u00f6neticisi Ole Gunnar Solskjaer, idareden orta saha deste\u011fi istedi.<\/p>\n","protected":false},"author":1,"featured_media":16392,"comment_status":"open","ping_status":"open","sticky":false,"template":"","format":"standard","meta":{"footnotes":""},"categories":[25],"tags":[],"class_list":["post-16391","post","type-post","status-publish","format-standard","has-post-thumbnail","hentry","category-futbol"],"_links":{"self":[{"href":"https:\/\/haberbesiktas.tr\/index.php?rest_route=\/wp\/v2\/posts\/16391","targetHints":{"allow":["GET"]}}],"collection":[{"href":"https:\/\/haberbesiktas.tr\/index.php?rest_route=\/wp\/v2\/posts"}],"about":[{"href":"https:\/\/haberbesiktas.tr\/index.php?rest_route=\/wp\/v2\/types\/post"}],"author":[{"embeddable":true,"href":"https:\/\/haberbesiktas.tr\/index.php?rest_route=\/wp\/v2\/users\/1"}],"replies":[{"embeddable":true,"href":"https:\/\/haberbesiktas.tr\/index.php?rest_route=%2Fwp%2Fv2%2Fcomments&post=16391"}],"version-history":[{"count":1,"href":"https:\/\/haberbesiktas.tr\/index.php?rest_route=\/wp\/v2\/posts\/16391\/revisions"}],"predecessor-version":[{"id":16393,"href":"https:\/\/haberbesiktas.tr\/index.php?rest_route=\/wp\/v2\/posts\/16391\/revisions\/16393"}],"wp:featuredmedia":[{"embeddable":true,"href":"https:\/\/haberbesiktas.tr\/index.php?rest_route=\/wp\/v2\/media\/16392"}],"wp:attachment":[{"href":"https:\/\/haberbesiktas.tr\/index.php?rest_route=%2Fwp%2Fv2%2Fmedia&parent=16391"}],"wp:term":[{"taxonomy":"category","embeddable":true,"href":"https:\/\/haberbesiktas.tr\/index.php?rest_route=%2Fwp%2Fv2%2Fcategories&post=16391"},{"taxonomy":"post_tag","embeddable":true,"href":"https:\/\/haberbesiktas.tr\/index.php?rest_route=%2Fwp%2Fv2%2Ftags&post=16391"}],"curies":[{"name":"wp","href":"https:\/\/api.w.org\/{rel}","templated":true}]}}