{"id":16394,"date":"2025-04-06T10:48:06","date_gmt":"2025-04-06T10:48:06","guid":{"rendered":"https:\/\/haberbesiktas.tr\/?p=16394"},"modified":"2025-04-06T10:48:06","modified_gmt":"2025-04-06T10:48:06","slug":"galatasarayda-alvaro-morata-heyecani","status":"publish","type":"post","link":"https:\/\/haberbesiktas.tr\/?p=16394","title":{"rendered":"Galatasaray&#8217;da Alvaro Morata heyecan\u0131!"},"content":{"rendered":"<div>Galatasaray&#8217;\u0131n yeni transferi Alvaro Morata, sar\u0131-k\u0131rm\u0131z\u0131l\u0131 trib\u00fcnler \u00f6n\u00fcnde birinci sefer sahne almaya haz\u0131rlan\u0131yor.<\/p>\n<p> Galatasaray&#8217;\u0131n Milan&#8217;dan tak\u0131m\u0131na katt\u0131\u011f\u0131 \u0130spanyol y\u0131ld\u0131z, \u015fu ana kadar ligdeki Gaziantep deplasman\u0131nda ve kupada deplasmanda oynanan Boluspor ma\u00e7\u0131nda m\u00fcddet ald\u0131. Morata&#8217;n\u0131n, Adana Demirspor m\u00fcsabakas\u0131nda Victor Osimhen&#8217;le birlikte ileri u\u00e7ta vazife yapmas\u0131 bekleniyor.<\/p>\n<p> Morata, Adana Demirspor ma\u00e7\u0131nda 11&#8217;de ba\u015flamas\u0131 yahut m\u00fcddet almas\u0131 durumunda RAMS Park&#8217;ta birinci kere sahne alacak.<\/p>\n<\/div>\n","protected":false},"excerpt":{"rendered":"<p>Galatasaray&#8217;\u0131n orta transfer periyodunda tak\u0131m\u0131na katt\u0131\u011f\u0131 Alvaro Morata, Adana Demirspor ma\u00e7\u0131yla birlikte birinci kere RAMS Park&#8217;ta sahne almaya haz\u0131rlan\u0131yor.<\/p>\n","protected":false},"author":1,"featured_media":16395,"comment_status":"open","ping_status":"open","sticky":false,"template":"","format":"standard","meta":{"footnotes":""},"categories":[25],"tags":[],"class_list":["post-16394","post","type-post","status-publish","format-standard","has-post-thumbnail","hentry","category-futbol"],"_links":{"self":[{"href":"https:\/\/haberbesiktas.tr\/index.php?rest_route=\/wp\/v2\/posts\/16394","targetHints":{"allow":["GET"]}}],"collection":[{"href":"https:\/\/haberbesiktas.tr\/index.php?rest_route=\/wp\/v2\/posts"}],"about":[{"href":"https:\/\/haberbesiktas.tr\/index.php?rest_route=\/wp\/v2\/types\/post"}],"author":[{"embeddable":true,"href":"https:\/\/haberbesiktas.tr\/index.php?rest_route=\/wp\/v2\/users\/1"}],"replies":[{"embeddable":true,"href":"https:\/\/haberbesiktas.tr\/index.php?rest_route=%2Fwp%2Fv2%2Fcomments&post=16394"}],"version-history":[{"count":1,"href":"https:\/\/haberbesiktas.tr\/index.php?rest_route=\/wp\/v2\/posts\/16394\/revisions"}],"predecessor-version":[{"id":16396,"href":"https:\/\/haberbesiktas.tr\/index.php?rest_route=\/wp\/v2\/posts\/16394\/revisions\/16396"}],"wp:featuredmedia":[{"embeddable":true,"href":"https:\/\/haberbesiktas.tr\/index.php?rest_route=\/wp\/v2\/media\/16395"}],"wp:attachment":[{"href":"https:\/\/haberbesiktas.tr\/index.php?rest_route=%2Fwp%2Fv2%2Fmedia&parent=16394"}],"wp:term":[{"taxonomy":"category","embeddable":true,"href":"https:\/\/haberbesiktas.tr\/index.php?rest_route=%2Fwp%2Fv2%2Fcategories&post=16394"},{"taxonomy":"post_tag","embeddable":true,"href":"https:\/\/haberbesiktas.tr\/index.php?rest_route=%2Fwp%2Fv2%2Ftags&post=16394"}],"curies":[{"name":"wp","href":"https:\/\/api.w.org\/{rel}","templated":true}]}}