{"id":16397,"date":"2025-04-06T11:00:06","date_gmt":"2025-04-06T11:00:06","guid":{"rendered":"https:\/\/haberbesiktas.tr\/?p=16397"},"modified":"2025-04-06T11:00:06","modified_gmt":"2025-04-06T11:00:06","slug":"besiktasta-immobile-sivasta-dondu-kaldi","status":"publish","type":"post","link":"https:\/\/haberbesiktas.tr\/?p=16397","title":{"rendered":"Be\u015fikta\u015f&#8217;ta Immobile Sivas&#8217;ta dondu kald\u0131"},"content":{"rendered":"<div>\n<p>Sakatl\u0131\u011f\u0131 nedeniyle bir m\u00fcddet idmanlardan geri kalan lakin bu hafta i\u00e7erisinde gruba d\u00f6nen Ciro Immobile, d\u00fcn Sivas&#8217;ta 11&#8217;de yerini ald\u0131.\u00a0<\/p>\n<p> -7 derece oynanan ma\u00e7ta etkisiz kalan \u0130talyan santrfor, 64. dakikada yerini Mustafa Hekimo\u011flu&#8217;na b\u0131rakt\u0131.<\/p>\n<p> Kenara gelirken morali \u00e7ok bozulan ve ba\u015f\u0131n\u0131 iki yana sallayarak \u00e7\u0131kan 34 ya\u015f\u0131ndaki oyuncu, rakip kaleye hi\u00e7 \u015fut atamazken pas isabet oran\u0131nda da y\u00fczde 45&#8217;te kald\u0131.<\/p>\n<p> Deneyimli futbolcunun makus performans\u0131 siyah-beyazl\u0131 taraftarlar\u0131 da \u00e7ok k\u0131zd\u0131rd\u0131.<\/p>\n<\/div>\n","protected":false},"excerpt":{"rendered":"<p>Be\u015fikta\u015f&#8217;\u0131n \u0130talyan y\u0131ld\u0131z\u0131 Ciro Immobile, Sivasspor ma\u00e7\u0131ndaki etkisiz performans\u0131yla dikkat \u00e7ekti.<\/p>\n","protected":false},"author":1,"featured_media":16398,"comment_status":"open","ping_status":"open","sticky":false,"template":"","format":"standard","meta":{"footnotes":""},"categories":[25],"tags":[],"class_list":["post-16397","post","type-post","status-publish","format-standard","has-post-thumbnail","hentry","category-futbol"],"_links":{"self":[{"href":"https:\/\/haberbesiktas.tr\/index.php?rest_route=\/wp\/v2\/posts\/16397","targetHints":{"allow":["GET"]}}],"collection":[{"href":"https:\/\/haberbesiktas.tr\/index.php?rest_route=\/wp\/v2\/posts"}],"about":[{"href":"https:\/\/haberbesiktas.tr\/index.php?rest_route=\/wp\/v2\/types\/post"}],"author":[{"embeddable":true,"href":"https:\/\/haberbesiktas.tr\/index.php?rest_route=\/wp\/v2\/users\/1"}],"replies":[{"embeddable":true,"href":"https:\/\/haberbesiktas.tr\/index.php?rest_route=%2Fwp%2Fv2%2Fcomments&post=16397"}],"version-history":[{"count":1,"href":"https:\/\/haberbesiktas.tr\/index.php?rest_route=\/wp\/v2\/posts\/16397\/revisions"}],"predecessor-version":[{"id":16399,"href":"https:\/\/haberbesiktas.tr\/index.php?rest_route=\/wp\/v2\/posts\/16397\/revisions\/16399"}],"wp:featuredmedia":[{"embeddable":true,"href":"https:\/\/haberbesiktas.tr\/index.php?rest_route=\/wp\/v2\/media\/16398"}],"wp:attachment":[{"href":"https:\/\/haberbesiktas.tr\/index.php?rest_route=%2Fwp%2Fv2%2Fmedia&parent=16397"}],"wp:term":[{"taxonomy":"category","embeddable":true,"href":"https:\/\/haberbesiktas.tr\/index.php?rest_route=%2Fwp%2Fv2%2Fcategories&post=16397"},{"taxonomy":"post_tag","embeddable":true,"href":"https:\/\/haberbesiktas.tr\/index.php?rest_route=%2Fwp%2Fv2%2Ftags&post=16397"}],"curies":[{"name":"wp","href":"https:\/\/api.w.org\/{rel}","templated":true}]}}