{"id":16409,"date":"2025-04-06T11:48:06","date_gmt":"2025-04-06T11:48:06","guid":{"rendered":"https:\/\/haberbesiktas.tr\/?p=16409"},"modified":"2025-04-06T11:48:06","modified_gmt":"2025-04-06T11:48:06","slug":"cenk-tosun-fenerbahcede-kalmak-istiyor","status":"publish","type":"post","link":"https:\/\/haberbesiktas.tr\/?p=16409","title":{"rendered":"Cenk Tosun, Fenerbah\u00e7e&#8217;de kalmak istiyor"},"content":{"rendered":"<div>S\u00fcper Lig&#8217;den teklifler alan Cenk Tosun, d\u00f6nemi Fenerbah\u00e7e formas\u0131 alt\u0131nda tamamlamak istiyor.<\/p>\n<p> Kul\u00fcb\u00fcyle 1.5 y\u0131l daha mukavelesi bulunan deneyimli futbolcunun gidi\u015fine hocas\u0131 Jose Mourinho da s\u0131cak bakm\u0131yor.<\/p>\n<p> <strong>SEZON SONUNDA TEKL\u0130FLER\u0130 D\u0130NLEYECEK<\/strong><\/p>\n<p> Edin Dzeko ve Youssef En-Nesyri&#8217;nin tek alternatifi olan Cenk, d\u00f6nem sonunda gelecek teklifleri dinleyecek.<\/p>\n<p> <strong>PERFORMANSI<\/strong><\/p>\n<p> 33 ya\u015f\u0131ndaki oyuncu, Fenerbah\u00e7e formas\u0131yla 14 ma\u00e7ta 266 dakika m\u00fchlet ald\u0131 ve 1 gol at\u0131p 1 asist yapt\u0131.\u00a0<\/p>\n<div>\u00a0<\/div>\n<\/div>\n","protected":false},"excerpt":{"rendered":"<p>Muhte\u015fem Lig&#8217;den teklifler alan 33 ya\u015f\u0131ndaki forvet Cenk Tosun, d\u00f6nemi Fenerbah\u00e7e&#8217;de tamamlamay\u0131 hedefliyor.<\/p>\n","protected":false},"author":1,"featured_media":16410,"comment_status":"open","ping_status":"open","sticky":false,"template":"","format":"standard","meta":{"footnotes":""},"categories":[25],"tags":[],"class_list":["post-16409","post","type-post","status-publish","format-standard","has-post-thumbnail","hentry","category-futbol"],"_links":{"self":[{"href":"https:\/\/haberbesiktas.tr\/index.php?rest_route=\/wp\/v2\/posts\/16409","targetHints":{"allow":["GET"]}}],"collection":[{"href":"https:\/\/haberbesiktas.tr\/index.php?rest_route=\/wp\/v2\/posts"}],"about":[{"href":"https:\/\/haberbesiktas.tr\/index.php?rest_route=\/wp\/v2\/types\/post"}],"author":[{"embeddable":true,"href":"https:\/\/haberbesiktas.tr\/index.php?rest_route=\/wp\/v2\/users\/1"}],"replies":[{"embeddable":true,"href":"https:\/\/haberbesiktas.tr\/index.php?rest_route=%2Fwp%2Fv2%2Fcomments&post=16409"}],"version-history":[{"count":1,"href":"https:\/\/haberbesiktas.tr\/index.php?rest_route=\/wp\/v2\/posts\/16409\/revisions"}],"predecessor-version":[{"id":16411,"href":"https:\/\/haberbesiktas.tr\/index.php?rest_route=\/wp\/v2\/posts\/16409\/revisions\/16411"}],"wp:featuredmedia":[{"embeddable":true,"href":"https:\/\/haberbesiktas.tr\/index.php?rest_route=\/wp\/v2\/media\/16410"}],"wp:attachment":[{"href":"https:\/\/haberbesiktas.tr\/index.php?rest_route=%2Fwp%2Fv2%2Fmedia&parent=16409"}],"wp:term":[{"taxonomy":"category","embeddable":true,"href":"https:\/\/haberbesiktas.tr\/index.php?rest_route=%2Fwp%2Fv2%2Fcategories&post=16409"},{"taxonomy":"post_tag","embeddable":true,"href":"https:\/\/haberbesiktas.tr\/index.php?rest_route=%2Fwp%2Fv2%2Ftags&post=16409"}],"curies":[{"name":"wp","href":"https:\/\/api.w.org\/{rel}","templated":true}]}}