{"id":16424,"date":"2025-04-06T12:48:05","date_gmt":"2025-04-06T12:48:05","guid":{"rendered":"https:\/\/haberbesiktas.tr\/?p=16424"},"modified":"2025-04-06T12:48:05","modified_gmt":"2025-04-06T12:48:05","slug":"turgay-demir-federasyon-besiktasli-oyunculari-eskimo-saniyor-olabilir","status":"publish","type":"post","link":"https:\/\/haberbesiktas.tr\/?p=16424","title":{"rendered":"Turgay Demir: &#8220;Federasyon Be\u015fikta\u015fl\u0131 oyuncular\u0131 eskimo san\u0131yor olabilir&#8221;"},"content":{"rendered":"<div>\n<p>Fotoma\u00e7 spor muharriri Turgay Demir, S\u00fcper Lig&#8217;de oynanan Be\u015fikta\u015f &#8211; Sivasspor m\u00fcsabakas\u0131n\u0131 k\u00f6\u015fesinde yorumlad\u0131.<\/p>\n<p> \u0130\u015fte Turgay Demir&#8217;in o yaz\u0131s\u0131;<\/p>\n<p> <strong>&#8220;FEDERASYON BE\u015e\u0130KTA\u015eLI OYUNCULARI ESK\u0130MO SANIYOR OLAB\u0130L\u0130R&#8221;<\/strong><\/p>\n<p> &#8220;Be\u015fikta\u015f zemheri ayaz\u0131na kar\u015f\u0131n 19.00&#8217;da oynad\u0131. Federasyon, siyah beyazl\u0131 oyuncular\u0131 Eskimo san\u0131yor olabilir mi bilemedim. Sivas&#8217;\u0131n buzlu yerinde topu aya\u011f\u0131nda tuttu, garanti pasla\u015fmalarla oyunu denetim etti, az risk ald\u0131 ve net bir galibiyet ald\u0131. Bu hava ve saha kaidelerinde uygun futbol beklemek \u00e7ok optimistlik olur malum, d\u00fczg\u00fcn gayret edip kazanmak gerekirdi. Be\u015fikta\u015f&#8217;ta da onu yapt\u0131.&#8221;<\/p>\n<p> <strong>&#8220;BE\u015e\u0130KTA\u015e GRUP ELB\u0130SE \u0130SE GEDSON BELDEK\u0130 KEMER&#8221;<\/strong><\/p>\n<p> &#8220;\u0130ki savunmac\u0131n\u0131n i\u015fbirli\u011fiyle gelen gol ma\u00e7\u0131 kolaylad\u0131. Be\u015fikta\u015f bir kadro elbise ise Gedson beldeki kemer, o olmasa pantolon d\u00fc\u015fer! Yeniden \u00e7abal\u0131yd\u0131, taa ki, sakatlanana kadar. Mu\u00e7i ve Rashica i\u00e7in saha fazla a\u011f\u0131rd\u0131, \u0130mmobile yeniden etkisiz kald\u0131. Joao Mario ise \u015fa\u015f\u0131rtmaya devam ediyor\u2026 Oynamak i\u00e7in bug\u00fcnleri mi bekliyordu, yoksa Ye\u015fil\u00e7am \u00f6yk\u00fclerindeki \u00fczere ba\u015f\u0131n\u0131 bir yere \u00e7arpm\u0131\u015f ve maziyi unutmu\u015ftu da tekrar hat\u0131rlamaya m\u0131 ba\u015flad\u0131 bilemiyorum lakin iki haftad\u0131r farkl\u0131\u2026&#8221;<\/p>\n<p> \u00a0<\/p>\n<\/div>\n","protected":false},"excerpt":{"rendered":"<p>Fotoma\u00e7 spor muharriri Turgay Demir, S\u00fcper Lig&#8217;de oynanan Be\u015fikta\u015f&#8217;\u0131n deplasmanda Sivasspor&#8217;u 2-0 yendi\u011fi ma\u00e7\u0131 k\u0131ymetlendirdi.<\/p>\n","protected":false},"author":1,"featured_media":16425,"comment_status":"open","ping_status":"open","sticky":false,"template":"","format":"standard","meta":{"footnotes":""},"categories":[25],"tags":[71],"class_list":["post-16424","post","type-post","status-publish","format-standard","has-post-thumbnail","hentry","category-futbol","tag-besiktas"],"_links":{"self":[{"href":"https:\/\/haberbesiktas.tr\/index.php?rest_route=\/wp\/v2\/posts\/16424","targetHints":{"allow":["GET"]}}],"collection":[{"href":"https:\/\/haberbesiktas.tr\/index.php?rest_route=\/wp\/v2\/posts"}],"about":[{"href":"https:\/\/haberbesiktas.tr\/index.php?rest_route=\/wp\/v2\/types\/post"}],"author":[{"embeddable":true,"href":"https:\/\/haberbesiktas.tr\/index.php?rest_route=\/wp\/v2\/users\/1"}],"replies":[{"embeddable":true,"href":"https:\/\/haberbesiktas.tr\/index.php?rest_route=%2Fwp%2Fv2%2Fcomments&post=16424"}],"version-history":[{"count":1,"href":"https:\/\/haberbesiktas.tr\/index.php?rest_route=\/wp\/v2\/posts\/16424\/revisions"}],"predecessor-version":[{"id":16426,"href":"https:\/\/haberbesiktas.tr\/index.php?rest_route=\/wp\/v2\/posts\/16424\/revisions\/16426"}],"wp:featuredmedia":[{"embeddable":true,"href":"https:\/\/haberbesiktas.tr\/index.php?rest_route=\/wp\/v2\/media\/16425"}],"wp:attachment":[{"href":"https:\/\/haberbesiktas.tr\/index.php?rest_route=%2Fwp%2Fv2%2Fmedia&parent=16424"}],"wp:term":[{"taxonomy":"category","embeddable":true,"href":"https:\/\/haberbesiktas.tr\/index.php?rest_route=%2Fwp%2Fv2%2Fcategories&post=16424"},{"taxonomy":"post_tag","embeddable":true,"href":"https:\/\/haberbesiktas.tr\/index.php?rest_route=%2Fwp%2Fv2%2Ftags&post=16424"}],"curies":[{"name":"wp","href":"https:\/\/api.w.org\/{rel}","templated":true}]}}