{"id":16427,"date":"2025-04-06T13:00:11","date_gmt":"2025-04-06T13:00:11","guid":{"rendered":"https:\/\/haberbesiktas.tr\/?p=16427"},"modified":"2025-04-06T13:00:11","modified_gmt":"2025-04-06T13:00:11","slug":"jose-mourinho-hata-luksumuz-yok","status":"publish","type":"post","link":"https:\/\/haberbesiktas.tr\/?p=16427","title":{"rendered":"Jose Mourinho: &#8220;Hata l\u00fcks\u00fcm\u00fcz yok&#8221;"},"content":{"rendered":"<div>G\u00f6ztepe ve \u00c7aykur Rizespor ma\u00e7lar\u0131nda ikinci yar\u0131 performans\u0131yla galibiyete ula\u015fan Fenerbah\u00e7e, Alanya&#8217;da i\u015fi erken bitirmek istiyor.<\/p>\n<p> <strong>&#8220;KAZANMAK \u0130\u00c7\u0130N GEREKEN HER \u015eEYE SAH\u0130B\u0130Z&#8221;<\/strong><\/p>\n<p> Sakatl\u0131\u011f\u0131 olan yedi oyuncusundan ve kart cezal\u0131s\u0131 Youssef En-Nesyri&#8217;den yoksun Jose Mourinho, son egzersiz \u00f6ncesi yapt\u0131\u011f\u0131 konu\u015fmada, <strong>&#8220;Zor bir deplasman bizi bekliyor. Rakip bilhassa kontrataklarda \u00e7ok tesirli. Sizden beklentim bask\u0131l\u0131 bir oyun ve erken golle ma\u00e7\u0131 koparman\u0131z. Evet, k\u0131ymetli eksiklerimiz var. Fakat kazanmak i\u00e7in de gereken her \u015feye sahibiz&#8221;<\/strong> s\u00f6zlerini kulland\u0131.<\/p>\n<p> <strong>&#8220;HATA L\u00dcKS\u00dcM\u00dcZ YOK&#8221;<\/strong><\/p>\n<p> Rakibin bilhassa konutunda y\u00fcksek viteste oynad\u0131\u011f\u0131n\u0131 belirten Mourinho, oyuncular\u0131n\u0131 <strong>&#8220;Son iki ma\u00e7\u0131 \u00e7evirdik fakat bu sefer \u00e7ok daha dikkatli olmal\u0131y\u0131z. Yan\u0131lg\u0131 l\u00fcks\u00fcm\u00fcz yok&#8221;<\/strong> diyerek uyard\u0131.<\/p>\n<p><strong>FENERBAH\u00c7E&#8217;N\u0130N OLASI 11&#8217;\u0130<br \/><\/strong><br \/>\u0130rfan Can, Skriniar, \u00c7a\u011flar, Levent, O\u011fuz, \u0130smail, Fred, Kostic, Tadic, Talisca, Dzeko<\/p>\n<p><img decoding=\"async\" src=\"https:\/\/haberbesiktas.tr\/wp-content\/uploads\/2025\/04\/jose-mourinho-hata-luksumuz-yok-0-rbGSxuuq.jpg\"\/><\/p>\n<div>\u00a0<\/div>\n<\/div>\n","protected":false},"excerpt":{"rendered":"<p>Youssef En-Nesyri&#8217;den yoksun Fenerbah\u00e7e Teknik Y\u00f6neticisi Jose Mourinho&#8217;dan gruba &#8216;Erken bitirin&#8217; talimat\u0131 geldi. Alanyaspor m\u00fcsabakas\u0131 \u00f6ncesi son antrenmanda konu\u015fan Mourinho, &#8220;Bu sefer uzatmay\u0131n!&#8221; dedi.<\/p>\n","protected":false},"author":1,"featured_media":16428,"comment_status":"open","ping_status":"open","sticky":false,"template":"","format":"standard","meta":{"footnotes":""},"categories":[25],"tags":[],"class_list":["post-16427","post","type-post","status-publish","format-standard","has-post-thumbnail","hentry","category-futbol"],"_links":{"self":[{"href":"https:\/\/haberbesiktas.tr\/index.php?rest_route=\/wp\/v2\/posts\/16427","targetHints":{"allow":["GET"]}}],"collection":[{"href":"https:\/\/haberbesiktas.tr\/index.php?rest_route=\/wp\/v2\/posts"}],"about":[{"href":"https:\/\/haberbesiktas.tr\/index.php?rest_route=\/wp\/v2\/types\/post"}],"author":[{"embeddable":true,"href":"https:\/\/haberbesiktas.tr\/index.php?rest_route=\/wp\/v2\/users\/1"}],"replies":[{"embeddable":true,"href":"https:\/\/haberbesiktas.tr\/index.php?rest_route=%2Fwp%2Fv2%2Fcomments&post=16427"}],"version-history":[{"count":1,"href":"https:\/\/haberbesiktas.tr\/index.php?rest_route=\/wp\/v2\/posts\/16427\/revisions"}],"predecessor-version":[{"id":16430,"href":"https:\/\/haberbesiktas.tr\/index.php?rest_route=\/wp\/v2\/posts\/16427\/revisions\/16430"}],"wp:featuredmedia":[{"embeddable":true,"href":"https:\/\/haberbesiktas.tr\/index.php?rest_route=\/wp\/v2\/media\/16428"}],"wp:attachment":[{"href":"https:\/\/haberbesiktas.tr\/index.php?rest_route=%2Fwp%2Fv2%2Fmedia&parent=16427"}],"wp:term":[{"taxonomy":"category","embeddable":true,"href":"https:\/\/haberbesiktas.tr\/index.php?rest_route=%2Fwp%2Fv2%2Fcategories&post=16427"},{"taxonomy":"post_tag","embeddable":true,"href":"https:\/\/haberbesiktas.tr\/index.php?rest_route=%2Fwp%2Fv2%2Ftags&post=16427"}],"curies":[{"name":"wp","href":"https:\/\/api.w.org\/{rel}","templated":true}]}}