{"id":16431,"date":"2025-04-06T13:12:05","date_gmt":"2025-04-06T13:12:05","guid":{"rendered":"https:\/\/haberbesiktas.tr\/?p=16431"},"modified":"2025-04-06T13:12:05","modified_gmt":"2025-04-06T13:12:05","slug":"nihat-kahveci-topu-al-karakola-gotur","status":"publish","type":"post","link":"https:\/\/haberbesiktas.tr\/?p=16431","title":{"rendered":"Nihat Kahveci: &#8220;Topu al karakola g\u00f6t\u00fcr&#8221;"},"content":{"rendered":"<div>\n<p>Be\u015fikta\u015f&#8217;\u0131n deplasmanda Sivasspor&#8217;u 2-0 ma\u011flup etti\u011fi ma\u00e7\u0131 Nihat Kahveci, Kontraspor YouTube kanal\u0131nda k\u0131ymetlendirdi.<\/p>\n<p> <strong>&#8220;HAK EDEN TARAF BE\u015e\u0130KTA\u015e&#8217;TI&#8221;<\/strong><\/p>\n<p> &#8220;S\u00fcper Lig a\u00e7\u0131s\u0131ndan konu\u015fursak, bu d\u00f6nem deplasmandaki en akl\u0131 ba\u015f\u0131nda Be\u015fikta\u015f&#8217;t\u0131. Birinci yar\u0131daki top hakimiyeti, defansif aksiyonlar\u0131 d\u00fczg\u00fcnd\u00fc. Ka\u011f\u0131t \u00fczerinde kuvvetli bir deplasman, \u015fiddetli bir rakip, kuvvetli hava kaideleri&#8230; Fakat kazanacak oyunu oynad\u0131, galibiyeti hak etti Be\u015fikta\u015f.&#8221;<\/p>\n<p> &#8220;Masuaku, Be\u015fikta\u015f&#8217;taki en olumlu ma\u00e7lar\u0131ndan birini oynad\u0131. \u0130\u015fin ofans ve defans\u0131nda uygundu. Ben, Mustafa&#8217;n\u0131n m\u00fchlet al\u0131p hareket etmemesine k\u0131z\u0131yordum lakin bug\u00fcn u\u011fra\u015f etti. Mario, Chamberlain ve Gedson&#8217;u da be\u011fendim.&#8221;\u00a0<\/p>\n<p> <strong>&#8220;TOPU ALIP KARAKOLE G\u00d6T\u00dcRSE YER\u0130D\u0130R&#8221;<\/strong><\/p>\n<p> &#8220;Bug\u00fcn Rashica yahut Chamberlain yerine oynasam, devre ortas\u0131nda Immobile&#8217;ye &#8216;Biz siyah-beyazl\u0131 formay\u0131z. Bizden oyna!&#8221; derdim. Bug\u00fcnk\u00fc performans\u0131n\u0131 lakin gol atmas\u0131 kurtar\u0131rd\u0131. Gol atmay\u0131nca performans\u0131 \u00e7ekilmiyor. Her \u015feyi unutmu\u015f bir Immobile var. G\u00fcn\u00fcn en k\u00f6t\u00fcs\u00fcyd\u00fc. Topu al\u0131p karakola g\u00f6t\u00fcrse yeridir. Bug\u00fcnk\u00fc Immobile&#8217;yi \u00f6b\u00fcr ma\u00e7larda oynatmam. Yaz\u0131n iki tane de forvet al\u0131r\u0131m.&#8221;<\/p>\n<p> <strong>&#8220;BEN\u0130M AKLIM ALMIYOR&#8221;\u00a0<\/strong><\/p>\n<p> &#8220;Ger\u00e7ekten tahlil edilmesi laz\u0131m. Galatasaray&#8217;\u0131 yeniyorsun, Fenerbah\u00e7e&#8217;yi yeniyorsun, Lyon&#8217;u deplasmanda yeniyorsun, Athletic Bilbao&#8217;yu i\u00e7eride d\u00f6verek yeniyorsun&#8230; Sonra Antalya deplasman\u0131nda mahrum, Twente&#8217;de mahrum. Bug\u00fcn tekrar \u00f6b\u00fcr bir taraf\u0131n\u0131 g\u00f6steriyorsun. Oyuncular bir ma\u00e7tan ba\u015fkas\u0131na ne ya\u015f\u0131yor anlat\u0131lmas\u0131 laz\u0131m. Nas\u0131l bu kadar istikrars\u0131z oynamay\u0131 ba\u015far\u0131yorlar?&#8221;<\/p>\n<p> \u00a0&#8220;Bu oyuncular bir ma\u00e7tan ba\u015fka ma\u00e7a ne ya\u015f\u0131yorlar, ne ediyorlar? Suyu mu de\u011fi\u015fiyor? Eti mi de\u011fi\u015fiyor? Yedi\u011fi pilav, tavuk mu de\u011fi\u015fiyor? Buralar\u0131 bir anlat\u0131n ya! \u00c7\u00f6zen varsa; bana mail ats\u0131n, WhatsApp&#8217;tan yazs\u0131n, toplumsal medyada ne platform varsa yazs\u0131n. Benim akl\u0131m alm\u0131yor.&#8221;<\/p>\n<\/div>\n","protected":false},"excerpt":{"rendered":"<p>Spor yorumcusu Nihat Kahveci, S\u00fcper Lig&#8217;de oynanan Be\u015fikta\u015f&#8217;\u0131n deplasmanda Sivasspor&#8217;u 2-0 yendi\u011fi ma\u00e7\u0131 k\u0131ymetlendirdi.<\/p>\n","protected":false},"author":1,"featured_media":16432,"comment_status":"open","ping_status":"open","sticky":false,"template":"","format":"standard","meta":{"footnotes":""},"categories":[25],"tags":[],"class_list":["post-16431","post","type-post","status-publish","format-standard","has-post-thumbnail","hentry","category-futbol"],"_links":{"self":[{"href":"https:\/\/haberbesiktas.tr\/index.php?rest_route=\/wp\/v2\/posts\/16431","targetHints":{"allow":["GET"]}}],"collection":[{"href":"https:\/\/haberbesiktas.tr\/index.php?rest_route=\/wp\/v2\/posts"}],"about":[{"href":"https:\/\/haberbesiktas.tr\/index.php?rest_route=\/wp\/v2\/types\/post"}],"author":[{"embeddable":true,"href":"https:\/\/haberbesiktas.tr\/index.php?rest_route=\/wp\/v2\/users\/1"}],"replies":[{"embeddable":true,"href":"https:\/\/haberbesiktas.tr\/index.php?rest_route=%2Fwp%2Fv2%2Fcomments&post=16431"}],"version-history":[{"count":1,"href":"https:\/\/haberbesiktas.tr\/index.php?rest_route=\/wp\/v2\/posts\/16431\/revisions"}],"predecessor-version":[{"id":16433,"href":"https:\/\/haberbesiktas.tr\/index.php?rest_route=\/wp\/v2\/posts\/16431\/revisions\/16433"}],"wp:featuredmedia":[{"embeddable":true,"href":"https:\/\/haberbesiktas.tr\/index.php?rest_route=\/wp\/v2\/media\/16432"}],"wp:attachment":[{"href":"https:\/\/haberbesiktas.tr\/index.php?rest_route=%2Fwp%2Fv2%2Fmedia&parent=16431"}],"wp:term":[{"taxonomy":"category","embeddable":true,"href":"https:\/\/haberbesiktas.tr\/index.php?rest_route=%2Fwp%2Fv2%2Fcategories&post=16431"},{"taxonomy":"post_tag","embeddable":true,"href":"https:\/\/haberbesiktas.tr\/index.php?rest_route=%2Fwp%2Fv2%2Ftags&post=16431"}],"curies":[{"name":"wp","href":"https:\/\/api.w.org\/{rel}","templated":true}]}}