{"id":1652,"date":"2025-01-07T05:42:50","date_gmt":"2025-01-07T05:42:50","guid":{"rendered":"https:\/\/haberbesiktas.tr\/?p=1652"},"modified":"2025-01-07T05:42:50","modified_gmt":"2025-01-07T05:42:50","slug":"bitlisli-kayakcilar-yeni-sampiyonluklar-hedefliyor","status":"publish","type":"post","link":"https:\/\/haberbesiktas.tr\/?p=1652","title":{"rendered":"Bitlisli kayak\u00e7\u0131lar, yeni \u015fampiyonluklar hedefliyor"},"content":{"rendered":"<p>Bitlis&#8217;te kayakl\u0131 ko\u015fu kadrosu atletleri, Erzurum&#8217;da yap\u0131lacak yar\u0131\u015fta y\u00fcksek puanlar elde ederek T\u00fcrkiye \u015fampiyonas\u0131na kat\u0131labilmek i\u00e7in dondurucu so\u011fu\u011fa kar\u015f\u0131n idmanlar\u0131n\u0131 aksatm\u0131yor.<\/p>\n<p> Kentte tesirli olan ya\u011f\u0131\u015flar\u0131n akabinde kar kal\u0131nl\u0131\u011f\u0131n\u0131n k\u00e2fi d\u00fczeye ula\u015fmas\u0131yla idmanlar\u0131n\u0131 s\u0131kla\u015ft\u0131ran Bitlisli kayak\u00e7\u0131lar, hava s\u0131cakl\u0131\u011f\u0131n\u0131n s\u0131f\u0131r\u0131n alt\u0131nda 15 dereceye kadar d\u00fc\u015ft\u00fc\u011f\u00fc tarihi El-Aman Han\u0131 mevkisinde haz\u0131rl\u0131klar\u0131n\u0131 s\u00fcrd\u00fcr\u00fcyor.<\/p>\n<p> Kayakl\u0131 Ko\u015fu Ulusal Kadro Antren\u00f6r\u00fc Celal Apak&#8217;\u0131n nezaretinde 1600 rak\u0131ml\u0131 b\u00f6lgedeki 2,5 kilometrelik pistte \u00e7al\u0131\u015fan atletler, ba\u015far\u0131l\u0131 bir d\u00f6nem ge\u00e7irmek i\u00e7in efor g\u00f6steriyor.<\/p>\n<p> Birinci etapta Erzurum&#8217;da yap\u0131lacak eleme ve etap yar\u0131\u015flar\u0131ndan y\u00fcksek puanlar alarak T\u00fcrkiye \u015fampiyonas\u0131na kat\u0131lmak isteyen atletler, akabinde ulusal grup formas\u0131 giyerek memleketler aras\u0131 yar\u0131\u015flarda ter d\u00f6kmeyi hedefliyor.<\/p>\n<p> <strong>&#8211; &#8220;\u015eu anda olimpiyat haz\u0131rl\u0131k merkezinde 5-6 atletimiz var&#8221;<\/strong><\/p>\n<p> Ulusal kadro antren\u00f6r\u00fc Apak, AA muhabirine, El-Aman Han\u0131 Kayak Tesisi&#8217;nde s\u0131f\u0131r\u0131n alt\u0131nda 15 derecede \u00e7al\u0131\u015fmalar\u0131n\u0131 s\u00fcrd\u00fcrd\u00fcklerini s\u00f6yledi.<\/p>\n<p> Kuzey disiplini bran\u015f\u0131nda altyap\u0131 ve yar\u0131\u015f\u00e7\u0131 yakla\u015f\u0131k 55 atletin bulundu\u011funu anlatan Apak, \u015f\u00f6yle konu\u015ftu:<\/p>\n<p> &#8220;\u00d6n\u00fcm\u00fczde eleme ve etap m\u00fcsabakalar\u0131 ile T\u00fcrkiye \u015fampiyonas\u0131 var. Bu m\u00fcsabakalardan sonra \u00e7ocuklar ulusal kadro seviyesine ula\u015f\u0131yor. Ba\u015far\u0131l\u0131 olurlarsa ulusal ekibe dahil oluyorlar. \u0130dmanlar\u0131m\u0131z ho\u015f ge\u00e7iyor. Ocak ay\u0131na girdik fakat \u015fimdi kar tam ya\u011fmad\u0131. Kar kal\u0131nl\u0131\u011f\u0131 30-40 santimetreyi ge\u00e7ti\u011finde idmanlar\u0131m\u0131z\u0131 yapabiliyoruz. Kayakl\u0131 ko\u015fu g\u00fc\u00e7 bir spor. Buna kar\u015f\u0131n \u00e7ocuklar severek geliyor. Bazen so\u011fuk, sis ve kar ya\u011f\u0131\u015f\u0131 olabiliyor lakin bu kayak a\u015fk\u0131m\u0131za mahzur olam\u0131yor.&#8221;<\/p>\n<p> Erzurum&#8217;da 14-16 Ocak tarihlerinde kayakl\u0131 ko\u015fu eleme, birinci ve ikinci etap yar\u0131\u015flar\u0131n\u0131n yap\u0131laca\u011f\u0131n\u0131 belirten Apak, etaplarda istenen puanlar\u0131 toplayan atletlerin T\u00fcrkiye \u015fampiyonas\u0131na kat\u0131lma hakk\u0131 elde etti\u011fini lisana getirdi.<\/p>\n<p> Tan\u0131nan bir spor olan kayak ve kayakl\u0131 ko\u015funun son vakitlerde ilgi g\u00f6rd\u00fc\u011f\u00fcn\u00fc tabir eden Apak, \u015funlar\u0131 s\u00f6yledi:<\/p>\n<p> &#8220;\u015eu anda 1600 rak\u0131ml\u0131 pistte idman yap\u0131yoruz. Pistimizin uzunlu\u011fu 2,5 kilometre. Bu da kayakl\u0131 ko\u015fu i\u00e7in \u00fclk\u00fc bir aral\u0131k. \u0130dmanlar t\u0131p \u00fczerinden hesaplan\u0131yor. \u0130dmanlar\u0131m\u0131z verimli formda devam ediyor. \u015eu anda olimpiyat haz\u0131rl\u0131k merkezinde 5-6 atletimiz var. Norve\u00e7&#8217;te ya\u015fayan atletimiz Arda Erta\u015f, orada idmanlar\u0131n\u0131 yaparak turnuvalara haz\u0131rlan\u0131yor. Bu Bitlis i\u00e7in gurur verici. Olimpiyat merkezindeki atletlerimiz ulusal kadro b\u00fcnyesinde ve \u00e7ok ba\u015far\u0131l\u0131. Her y\u0131l ulusal ekibe en az 2-3 atlet g\u00f6nderiyoruz. Bu \u00fclke baz\u0131nda \u00e7ok uygun bir muvaffakiyet.&#8221;<\/p>\n<p> <strong>&#8211; &#8220;Zorlansak da idmanlar\u0131m\u0131z\u0131 yapaca\u011f\u0131z&#8221;<\/strong><\/p>\n<p> \u00dc\u00e7 y\u0131l evvel kayakl\u0131 ko\u015fu sporuna ba\u015flayan Hayrunnisa Akbal\u0131k ise Erzurum&#8217;da yap\u0131lacak etap m\u00fcsabakalar\u0131na haz\u0131rland\u0131klar\u0131n\u0131 belirtti.<\/p>\n<p> Ama\u00e7lar\u0131n\u0131n T\u00fcrkiye \u015fampiyonlu\u011fu oldu\u011funu s\u00f6z eden Akbal\u0131k, &#8221; \u015eu anda hava s\u0131cakl\u0131\u011f\u0131 \u00e7ok d\u00fc\u015f\u00fck fakat biz haz\u0131rl\u0131klar\u0131m\u0131za devam ediyoruz. Zorlansak da idmanlar\u0131m\u0131z\u0131 yapaca\u011f\u0131z. Madalya almak i\u00e7in bunu yapmam\u0131z laz\u0131m. Kaya\u011f\u0131 \u00e7ok seviyorum. Arkada\u015flar\u0131m\u0131 da kayak yapmaya davet ediyorum.&#8221; dedi.<\/p>\n<p> Atletlerden Arif G\u00f6zeten de T\u00fcrkiye \u015fampiyonlu\u011fu ve etaplarda ba\u015far\u0131l\u0131 derecelerinin oldu\u011funu bildirerek, &#8220;Hedefim ulusal ekibe se\u00e7ilmek. Elemeyi ge\u00e7tikten sonra etap yar\u0131\u015flar\u0131na gidece\u011fiz. Bu m\u00fcsabakada birinci 10&#8217;a girdi\u011fimizde T\u00fcrkiye \u015fampiyonas\u0131na kat\u0131lma hakk\u0131 elde edece\u011fiz. Burada da dereceye girdi\u011fimizde ulusal sportmen oluyoruz. Hava \u00e7ok so\u011fuk olmas\u0131na kar\u015f\u0131n idmanlar\u0131m\u0131z\u0131 yap\u0131yoruz. Bu sporu \u00e7ok seviyorum. Herkesi bu sporu yapmaya davet ediyorum.&#8221; diye konu\u015ftu.<\/p>\n","protected":false},"excerpt":{"rendered":"<p>Bitlis&#8217;te kayakl\u0131 ko\u015fu kadrosu atletleri, T\u00fcrkiye \u015fampiyonas\u0131na kat\u0131labilmek i\u00e7in dondurucu so\u011fu\u011fa kar\u015f\u0131n idmanlar\u0131n\u0131 aksatm\u0131yor.<\/p>\n","protected":false},"author":1,"featured_media":1653,"comment_status":"open","ping_status":"open","sticky":false,"template":"","format":"standard","meta":{"footnotes":""},"categories":[27],"tags":[147,80,146,145,65],"class_list":["post-1652","post","type-post","status-publish","format-standard","has-post-thumbnail","hentry","category-guncel-haberler","tag-antrenman","tag-kayak","tag-kayakli-kosu","tag-milli-takim","tag-spor"],"_links":{"self":[{"href":"https:\/\/haberbesiktas.tr\/index.php?rest_route=\/wp\/v2\/posts\/1652","targetHints":{"allow":["GET"]}}],"collection":[{"href":"https:\/\/haberbesiktas.tr\/index.php?rest_route=\/wp\/v2\/posts"}],"about":[{"href":"https:\/\/haberbesiktas.tr\/index.php?rest_route=\/wp\/v2\/types\/post"}],"author":[{"embeddable":true,"href":"https:\/\/haberbesiktas.tr\/index.php?rest_route=\/wp\/v2\/users\/1"}],"replies":[{"embeddable":true,"href":"https:\/\/haberbesiktas.tr\/index.php?rest_route=%2Fwp%2Fv2%2Fcomments&post=1652"}],"version-history":[{"count":1,"href":"https:\/\/haberbesiktas.tr\/index.php?rest_route=\/wp\/v2\/posts\/1652\/revisions"}],"predecessor-version":[{"id":1654,"href":"https:\/\/haberbesiktas.tr\/index.php?rest_route=\/wp\/v2\/posts\/1652\/revisions\/1654"}],"wp:featuredmedia":[{"embeddable":true,"href":"https:\/\/haberbesiktas.tr\/index.php?rest_route=\/wp\/v2\/media\/1653"}],"wp:attachment":[{"href":"https:\/\/haberbesiktas.tr\/index.php?rest_route=%2Fwp%2Fv2%2Fmedia&parent=1652"}],"wp:term":[{"taxonomy":"category","embeddable":true,"href":"https:\/\/haberbesiktas.tr\/index.php?rest_route=%2Fwp%2Fv2%2Fcategories&post=1652"},{"taxonomy":"post_tag","embeddable":true,"href":"https:\/\/haberbesiktas.tr\/index.php?rest_route=%2Fwp%2Fv2%2Ftags&post=1652"}],"curies":[{"name":"wp","href":"https:\/\/api.w.org\/{rel}","templated":true}]}}