{"id":16717,"date":"2025-04-07T07:12:08","date_gmt":"2025-04-07T07:12:08","guid":{"rendered":"https:\/\/haberbesiktas.tr\/?p=16717"},"modified":"2025-04-07T07:12:08","modified_gmt":"2025-04-07T07:12:08","slug":"josef-de-souzadan-adana-demirspor-aciklamasi","status":"publish","type":"post","link":"https:\/\/haberbesiktas.tr\/?p=16717","title":{"rendered":"Josef de Souza&#8217;dan Adana Demirspor a\u00e7\u0131klamas\u0131!"},"content":{"rendered":"<div>Ligimizde forma giymi\u015f oyunculardan Josef de Souza, X hesab\u0131ndan bir payla\u015f\u0131m yapt\u0131.\u00a0<\/p>\n<p>Galatasaray-Adana Demirspor ma\u00e7\u0131nda konuk grubun alandan \u00e7ekilmesiyle ilgili konu\u015fan Brezilyal\u0131 oyuncu, bahis hakk\u0131nda yorumunu yapt\u0131.\u00a0<\/p>\n<p>Josef de Souza,\u00a0<span>&#8220;B\u00f6yle anlar, T\u00fcrk futbolunun prestijini zedeliyor. Adana Demirspor&#8217;u c\u00fcretlerinden \u00f6t\u00fcr\u00fc tebrik ederim.&#8221; dedi.\u00a0<\/p>\n<p><img decoding=\"async\" src=\"https:\/\/haberbesiktas.tr\/wp-content\/uploads\/2025\/04\/josef-de-souzadan-adana-demirspor-aciklamasi-0-BDG7Tdub.jpg\"\/><br \/><\/span><\/div>\n","protected":false},"excerpt":{"rendered":"<p>Ligimizde forma giymi\u015f futbolcu Josef de Souza, X hesab\u0131ndan Galatasaray-Adana Demirspor ma\u00e7\u0131 hakk\u0131nda a\u00e7\u0131klamalarda bulundu.<\/p>\n","protected":false},"author":1,"featured_media":16718,"comment_status":"open","ping_status":"open","sticky":false,"template":"","format":"standard","meta":{"footnotes":""},"categories":[25],"tags":[],"class_list":["post-16717","post","type-post","status-publish","format-standard","has-post-thumbnail","hentry","category-futbol"],"_links":{"self":[{"href":"https:\/\/haberbesiktas.tr\/index.php?rest_route=\/wp\/v2\/posts\/16717","targetHints":{"allow":["GET"]}}],"collection":[{"href":"https:\/\/haberbesiktas.tr\/index.php?rest_route=\/wp\/v2\/posts"}],"about":[{"href":"https:\/\/haberbesiktas.tr\/index.php?rest_route=\/wp\/v2\/types\/post"}],"author":[{"embeddable":true,"href":"https:\/\/haberbesiktas.tr\/index.php?rest_route=\/wp\/v2\/users\/1"}],"replies":[{"embeddable":true,"href":"https:\/\/haberbesiktas.tr\/index.php?rest_route=%2Fwp%2Fv2%2Fcomments&post=16717"}],"version-history":[{"count":1,"href":"https:\/\/haberbesiktas.tr\/index.php?rest_route=\/wp\/v2\/posts\/16717\/revisions"}],"predecessor-version":[{"id":16720,"href":"https:\/\/haberbesiktas.tr\/index.php?rest_route=\/wp\/v2\/posts\/16717\/revisions\/16720"}],"wp:featuredmedia":[{"embeddable":true,"href":"https:\/\/haberbesiktas.tr\/index.php?rest_route=\/wp\/v2\/media\/16718"}],"wp:attachment":[{"href":"https:\/\/haberbesiktas.tr\/index.php?rest_route=%2Fwp%2Fv2%2Fmedia&parent=16717"}],"wp:term":[{"taxonomy":"category","embeddable":true,"href":"https:\/\/haberbesiktas.tr\/index.php?rest_route=%2Fwp%2Fv2%2Fcategories&post=16717"},{"taxonomy":"post_tag","embeddable":true,"href":"https:\/\/haberbesiktas.tr\/index.php?rest_route=%2Fwp%2Fv2%2Ftags&post=16717"}],"curies":[{"name":"wp","href":"https:\/\/api.w.org\/{rel}","templated":true}]}}