{"id":16721,"date":"2025-04-07T07:24:07","date_gmt":"2025-04-07T07:24:07","guid":{"rendered":"https:\/\/haberbesiktas.tr\/?p=16721"},"modified":"2025-04-07T07:24:07","modified_gmt":"2025-04-07T07:24:07","slug":"semih-guler-konusmaya-gerek-yok-gordunuz","status":"publish","type":"post","link":"https:\/\/haberbesiktas.tr\/?p=16721","title":{"rendered":"Semih G\u00fcler: &#8220;Konu\u015fmaya gerek yok, g\u00f6rd\u00fcn\u00fcz&#8221;"},"content":{"rendered":"<div><span>S\u00fcper Lig&#8217;in 23&#8217;\u00fcnc\u00fc haftas\u0131nda Adana Demirspor, Galatasaray&#8217;a konuk oldu. <\/p>\n<p>Kar\u015f\u0131la\u015fma sar\u0131-k\u0131rm\u0131z\u0131l\u0131 grubun 1-0 \u00fcst\u00fcnl\u00fc\u011f\u00fc ile devam ederken, Adana Demirspor 33&#8217;\u00fcnc\u00fc dakikada alandan \u00e7ekildi. <\/p>\n<p>Adana Demirspor&#8217;un oyuncusu Semih G\u00fcler alandan \u00e7ekilmeleriyle ilgili a\u00e7\u0131klamalar yapt\u0131.<\/p>\n<p>Semih G\u00fcler, stattan \u00e7\u0131karken Galatasaray&#8217;\u0131n kazand\u0131\u011f\u0131 penalt\u0131 sorusuna, <strong>&#8220;Konu\u015fmaya gerek yok, g\u00f6rd\u00fcn\u00fcz&#8221;<\/strong> yan\u0131t\u0131n\u0131 verdi.<\/span><\/div>\n","protected":false},"excerpt":{"rendered":"<p>Adana Demirspor&#8217;un kaptan\u0131 Semih G\u00fcler alandan \u00e7ekilmeleriyle ilgili konu\u015ftu.<\/p>\n","protected":false},"author":1,"featured_media":16722,"comment_status":"open","ping_status":"open","sticky":false,"template":"","format":"standard","meta":{"footnotes":""},"categories":[25],"tags":[],"class_list":["post-16721","post","type-post","status-publish","format-standard","has-post-thumbnail","hentry","category-futbol"],"_links":{"self":[{"href":"https:\/\/haberbesiktas.tr\/index.php?rest_route=\/wp\/v2\/posts\/16721","targetHints":{"allow":["GET"]}}],"collection":[{"href":"https:\/\/haberbesiktas.tr\/index.php?rest_route=\/wp\/v2\/posts"}],"about":[{"href":"https:\/\/haberbesiktas.tr\/index.php?rest_route=\/wp\/v2\/types\/post"}],"author":[{"embeddable":true,"href":"https:\/\/haberbesiktas.tr\/index.php?rest_route=\/wp\/v2\/users\/1"}],"replies":[{"embeddable":true,"href":"https:\/\/haberbesiktas.tr\/index.php?rest_route=%2Fwp%2Fv2%2Fcomments&post=16721"}],"version-history":[{"count":1,"href":"https:\/\/haberbesiktas.tr\/index.php?rest_route=\/wp\/v2\/posts\/16721\/revisions"}],"predecessor-version":[{"id":16723,"href":"https:\/\/haberbesiktas.tr\/index.php?rest_route=\/wp\/v2\/posts\/16721\/revisions\/16723"}],"wp:featuredmedia":[{"embeddable":true,"href":"https:\/\/haberbesiktas.tr\/index.php?rest_route=\/wp\/v2\/media\/16722"}],"wp:attachment":[{"href":"https:\/\/haberbesiktas.tr\/index.php?rest_route=%2Fwp%2Fv2%2Fmedia&parent=16721"}],"wp:term":[{"taxonomy":"category","embeddable":true,"href":"https:\/\/haberbesiktas.tr\/index.php?rest_route=%2Fwp%2Fv2%2Fcategories&post=16721"},{"taxonomy":"post_tag","embeddable":true,"href":"https:\/\/haberbesiktas.tr\/index.php?rest_route=%2Fwp%2Fv2%2Ftags&post=16721"}],"curies":[{"name":"wp","href":"https:\/\/api.w.org\/{rel}","templated":true}]}}