{"id":16761,"date":"2025-04-07T10:00:08","date_gmt":"2025-04-07T10:00:08","guid":{"rendered":"https:\/\/haberbesiktas.tr\/?p=16761"},"modified":"2025-04-07T10:00:09","modified_gmt":"2025-04-07T10:00:09","slug":"milli-karatecilerden-7-madalya","status":"publish","type":"post","link":"https:\/\/haberbesiktas.tr\/?p=16761","title":{"rendered":"Milli karatecilerden 7 madalya"},"content":{"rendered":"<p><span><span>Milli karateciler, Polonya&#8217;da d\u00fczenlenen Avrupa \u00dcmit, Gen\u00e7 ve 21 Ya\u015f Alt\u0131 Karate \u015eampiyonas\u0131&#8217;nda 1 alt\u0131n, 2 g\u00fcm\u00fc\u015f ve 4 bronz olmak \u00fczere 7 madalya kazand\u0131.\u00a0<\/span><\/span> T\u00fcrkiye Karate Federasyonundan yap\u0131lan a\u00e7\u0131klamaya nazaran, Bielsko Biala kentinde ger\u00e7ekle\u015ftirilen Avrupa \u00dcmit, Gen\u00e7 ve 21 Ya\u015f Alt\u0131 Karate \u015eampiyonas\u0131&#8217;nda ay-y\u0131ld\u0131zl\u0131 atletler, 1 alt\u0131n, 2 g\u00fcm\u00fc\u015f ve 4 bronz madalya ile k\u00fcrs\u00fcye \u00e7\u0131kma sevinci ya\u015fad\u0131.<\/p>\n<p> \u015eampiyonada, gen\u00e7 erkek kumite 68 kiloda Ahmet Yi\u011fit Hal\u0131c\u0131 alt\u0131n, 21 ya\u015f alt\u0131 bayan kata kategorisinde Damla Su T\u00fcremen g\u00fcm\u00fc\u015f, Tar\u0131k Ko\u00e7, Arda \u00c7eki\u00e7, Rafet Ege \u0130nan ve Yunus Efdal Varol&#8217;dan olu\u015fan gen\u00e7 erkek kata ekibi g\u00fcm\u00fc\u015f, \u00fcmit erkek kumite 70 kiloda Tuna Bayram Bolat bronz, gen\u00e7 bayan kumite 48 kiloda Defne Eda Y\u0131ld\u0131r\u0131m bronz, 21 ya\u015f alt\u0131 bayan kumite 55 kiloda Buse K\u0131l\u0131\u00e7 bronz, Ceylin Bayram, T\u00fcrkan Feyza \u00c7elik, Zeynep Ero\u011flu ve Azra \u00d6zcan&#8217;dan olu\u015fan gen\u00e7 bayan kata kadrosu da bronz madalya ald\u0131.<\/p>\n","protected":false},"excerpt":{"rendered":"<p>Ulusal karateciler, Polonya&#8217;da d\u00fczenlenen Avrupa \u00dcmit, Gen\u00e7 ve 21 Ya\u015f Alt\u0131 Karate \u015eampiyonas\u0131&#8217;nda 1 alt\u0131n, 2 g\u00fcm\u00fc\u015f ve 4 bronz olmak \u00fczere 7 madalya kazand\u0131.<\/p>\n","protected":false},"author":1,"featured_media":16762,"comment_status":"open","ping_status":"open","sticky":false,"template":"","format":"standard","meta":{"footnotes":""},"categories":[27],"tags":[1746,334,475],"class_list":["post-16761","post","type-post","status-publish","format-standard","has-post-thumbnail","hentry","category-guncel-haberler","tag-bronz","tag-genc","tag-yas"],"_links":{"self":[{"href":"https:\/\/haberbesiktas.tr\/index.php?rest_route=\/wp\/v2\/posts\/16761","targetHints":{"allow":["GET"]}}],"collection":[{"href":"https:\/\/haberbesiktas.tr\/index.php?rest_route=\/wp\/v2\/posts"}],"about":[{"href":"https:\/\/haberbesiktas.tr\/index.php?rest_route=\/wp\/v2\/types\/post"}],"author":[{"embeddable":true,"href":"https:\/\/haberbesiktas.tr\/index.php?rest_route=\/wp\/v2\/users\/1"}],"replies":[{"embeddable":true,"href":"https:\/\/haberbesiktas.tr\/index.php?rest_route=%2Fwp%2Fv2%2Fcomments&post=16761"}],"version-history":[{"count":1,"href":"https:\/\/haberbesiktas.tr\/index.php?rest_route=\/wp\/v2\/posts\/16761\/revisions"}],"predecessor-version":[{"id":16763,"href":"https:\/\/haberbesiktas.tr\/index.php?rest_route=\/wp\/v2\/posts\/16761\/revisions\/16763"}],"wp:featuredmedia":[{"embeddable":true,"href":"https:\/\/haberbesiktas.tr\/index.php?rest_route=\/wp\/v2\/media\/16762"}],"wp:attachment":[{"href":"https:\/\/haberbesiktas.tr\/index.php?rest_route=%2Fwp%2Fv2%2Fmedia&parent=16761"}],"wp:term":[{"taxonomy":"category","embeddable":true,"href":"https:\/\/haberbesiktas.tr\/index.php?rest_route=%2Fwp%2Fv2%2Fcategories&post=16761"},{"taxonomy":"post_tag","embeddable":true,"href":"https:\/\/haberbesiktas.tr\/index.php?rest_route=%2Fwp%2Fv2%2Ftags&post=16761"}],"curies":[{"name":"wp","href":"https:\/\/api.w.org\/{rel}","templated":true}]}}