{"id":16764,"date":"2025-04-07T10:12:09","date_gmt":"2025-04-07T10:12:09","guid":{"rendered":"https:\/\/haberbesiktas.tr\/?p=16764"},"modified":"2025-04-07T10:12:09","modified_gmt":"2025-04-07T10:12:09","slug":"milli-yildiz-eskrimcilerden-9-madalya","status":"publish","type":"post","link":"https:\/\/haberbesiktas.tr\/?p=16764","title":{"rendered":"Milli y\u0131ld\u0131z eskrimcilerden 9 madalya"},"content":{"rendered":"<p><span><span>Milli y\u0131ld\u0131z eskrimciler, Bulgaristan ve \u00c7ekya&#8217;da d\u00fczenlenen turnuvalarda 6&#8217;s\u0131 alt\u0131n toplam 9 madalya elde etti.\u00a0<\/span><\/span> T\u00fcrkiye Eskrim Federasyonundan yap\u0131lan a\u00e7\u0131klamaya nazaran, ba\u015f\u015fehir Sofya&#8217;da ger\u00e7ekle\u015ftirilen turnuvada fl\u00f6re bran\u015f\u0131nda piste \u00e7\u0131kan atletlerden 17 ya\u015f alt\u0131 bayan fl\u00f6rede Alara Atmaca finalde Alman sportmen Merle Herwig&#8217;i 15-3 ma\u011flup ederek alt\u0131n madalya elde etti.<\/p>\n<p> Sofya&#8217;da 14 ya\u015f alt\u0131 fl\u00f6rede Beril Demir ve Ahmet Sarp Kahya da alt\u0131n madalyaya ula\u015ft\u0131.<\/p>\n<p> \u00d6te yandan bug\u00fcn oynanan ekip kar\u015f\u0131la\u015fmalar\u0131nda; &#8220;Ay\u015fe Aksoy, Serra G\u00fclin Gen\u00e7o\u011flu, Ada K\u00fcfeciler ve Elif Ada Y\u0131ld\u0131z&#8221;dan olu\u015fan y\u0131ld\u0131z bayan fl\u00f6re ekibi \u00fc\u00e7\u00fcnc\u00fcl\u00fck ma\u00e7\u0131nda \u00c7ekya&#8217;y\u0131 45-40 yenerek bronz madalyan\u0131n sahibi oldu.<\/p>\n<p> \u00c7ekya&#8217;n\u0131n ba\u015f\u015fehri Prag&#8217;da d\u00fczenlenen turnuvada ise y\u0131ld\u0131z erkek ve bayanlar k\u0131l\u0131\u00e7ta ulusal atletler Yi\u011fit Ayaz ve Irmak \u015eeno\u011flu alt\u0131n madalya kazand\u0131.<\/p>\n<p> Prag&#8217;da Candeniz Berrak g\u00fcm\u00fc\u015f madalya elde ederken, ekip kar\u015f\u0131la\u015fmalar\u0131nda ise; Yi\u011fit Ayaz, Candeniz Berrak, Poyraz K\u00fcm\u00fck, Arda Takka&#8217;dan olu\u015fan ay-y\u0131ld\u0131zl\u0131 kadro ise \u015fampiyon oldu.<\/p>\n<p> &#8220;Efe Bar\u0131\u015f, Halit Eren, Ulu\u00e7 Eke \u0130timat ve Mehmet Kayra Siyamo\u011flu&#8221;dan kurulu ba\u015fka ulusal kadro ise k\u00fcrs\u00fcn\u00fcn \u00fc\u00e7\u00fcnc\u00fc basama\u011f\u0131nda yer ald\u0131.<\/p>\n","protected":false},"excerpt":{"rendered":"<p>Ulusal y\u0131ld\u0131z eskrimciler, Bulgaristan ve \u00c7ekya&#8217;da d\u00fczenlenen turnuvalarda 6&#8217;s\u0131 alt\u0131n toplam 9 madalya kazand\u0131.<\/p>\n","protected":false},"author":1,"featured_media":16765,"comment_status":"open","ping_status":"open","sticky":false,"template":"","format":"standard","meta":{"footnotes":""},"categories":[27],"tags":[339,52,1516],"class_list":["post-16764","post","type-post","status-publish","format-standard","has-post-thumbnail","hentry","category-guncel-haberler","tag-madalya","tag-takim","tag-yildiz"],"_links":{"self":[{"href":"https:\/\/haberbesiktas.tr\/index.php?rest_route=\/wp\/v2\/posts\/16764","targetHints":{"allow":["GET"]}}],"collection":[{"href":"https:\/\/haberbesiktas.tr\/index.php?rest_route=\/wp\/v2\/posts"}],"about":[{"href":"https:\/\/haberbesiktas.tr\/index.php?rest_route=\/wp\/v2\/types\/post"}],"author":[{"embeddable":true,"href":"https:\/\/haberbesiktas.tr\/index.php?rest_route=\/wp\/v2\/users\/1"}],"replies":[{"embeddable":true,"href":"https:\/\/haberbesiktas.tr\/index.php?rest_route=%2Fwp%2Fv2%2Fcomments&post=16764"}],"version-history":[{"count":1,"href":"https:\/\/haberbesiktas.tr\/index.php?rest_route=\/wp\/v2\/posts\/16764\/revisions"}],"predecessor-version":[{"id":16766,"href":"https:\/\/haberbesiktas.tr\/index.php?rest_route=\/wp\/v2\/posts\/16764\/revisions\/16766"}],"wp:featuredmedia":[{"embeddable":true,"href":"https:\/\/haberbesiktas.tr\/index.php?rest_route=\/wp\/v2\/media\/16765"}],"wp:attachment":[{"href":"https:\/\/haberbesiktas.tr\/index.php?rest_route=%2Fwp%2Fv2%2Fmedia&parent=16764"}],"wp:term":[{"taxonomy":"category","embeddable":true,"href":"https:\/\/haberbesiktas.tr\/index.php?rest_route=%2Fwp%2Fv2%2Fcategories&post=16764"},{"taxonomy":"post_tag","embeddable":true,"href":"https:\/\/haberbesiktas.tr\/index.php?rest_route=%2Fwp%2Fv2%2Ftags&post=16764"}],"curies":[{"name":"wp","href":"https:\/\/api.w.org\/{rel}","templated":true}]}}