{"id":16767,"date":"2025-04-07T10:24:09","date_gmt":"2025-04-07T10:24:09","guid":{"rendered":"https:\/\/haberbesiktas.tr\/?p=16767"},"modified":"2025-04-07T10:24:09","modified_gmt":"2025-04-07T10:24:09","slug":"gurcistanda-2025-avrupa-genclik-olimpik-kis-festivalinin-acilisi-yapildi","status":"publish","type":"post","link":"https:\/\/haberbesiktas.tr\/?p=16767","title":{"rendered":"G\u00fcrcistan&#8217;da, 2025 Avrupa Gen\u00e7lik Olimpik K\u0131\u015f Festivali&#8217;nin a\u00e7\u0131l\u0131\u015f\u0131 yap\u0131ld\u0131"},"content":{"rendered":"<p><span><span>G\u00fcrcistan&#8217;\u0131n Bakuriani Kayak Merkezi&#8217;nde, 2025 Avrupa Gen\u00e7lik Olimpik K\u0131\u015f \u015eenli\u011fi&#8217;nin (EYOF) a\u00e7\u0131l\u0131\u015f\u0131 ger\u00e7ekle\u015ftirildi.\u00a0<\/span><\/span> <\/p>\n<div> G\u00fcrcistan Ba\u015fbakanl\u0131\u011f\u0131ndan yap\u0131lan yaz\u0131l\u0131 a\u00e7\u0131klamaya nazaran, Ba\u015fbakan \u0130rakli Kobakhidze, \u00fclkesindeki Bakuriani Kayak Merkezi&#8217;nde 2025 EYOF a\u00e7\u0131l\u0131\u015f merasimine kat\u0131ld\u0131.<\/p>\n<p> Ulusal atletlerin da kat\u0131ld\u0131\u011f\u0131 \u015fenli\u011fin a\u00e7\u0131l\u0131\u015f\u0131nda konu\u015fan Kobakhidze, &#8220;Bug\u00fcn G\u00fcrcistan sporu i\u00e7in tarihi bir g\u00fcn.&#8221; tabirini kulland\u0131.<\/p>\n<p> Kobakhidze bug\u00fcn Bakuriani&#8217;de olimpiyat bar\u0131\u015f me\u015falesinin yak\u0131lmas\u0131n\u0131n, 45 Avrupa \u00fclkesinin, birlik i\u00e7inde sa\u011fl\u0131kl\u0131 ve bar\u0131\u015f ortam\u0131nda ya\u015fama maksad\u0131n\u0131n g\u00f6stergesi oldu\u011funu kaydetti.<\/p>\n<p> G\u00fcrcistan Cumhurba\u015fkan\u0131 Mikheil Kavela\u015fvili ile Avrupa Olimpiyat Komiteleri Ba\u015fkan\u0131 Spyros Capralos&#8217;un da yer ald\u0131\u011f\u0131 merasimde konu\u015fan Kobakhidze, \u015fenli\u011fe 45 \u00fclkeden bine yak\u0131n atlet ile 700&#8217;den fazla yetkilinin kat\u0131ld\u0131\u011f\u0131n\u0131 aktararak, &#8220;B\u00f6ylece hem yaz hem de k\u0131\u015f olimpiyat \u015fenliklerine konut sahipli\u011fi yapan yedi Avrupa \u00fclkesine kat\u0131ld\u0131k.&#8221; dedi.<\/p>\n<p> Bakuriani ile birlikte yar\u0131\u015flara konut sahipli\u011fi yapacak Tiflis ve Batum kentlerinde de yeni tesislerin in\u015fa edildi\u011fini kaydeden Kobakhidze, \u00fclkesinin, bu t\u0131p memleketler aras\u0131 aktifliklerin d\u00fczenlenmesi i\u00e7in haz\u0131r oldu\u011funu belirtti.<\/p>\n<p> Kobakhidze ayr\u0131yeten, tarihte birinci kere EYOF i\u00e7in yapay zekan\u0131n da kullan\u0131ld\u0131\u011f\u0131n\u0131 bildirdi.<\/p>\n<p> Cumhurba\u015fkan\u0131 Kavela\u015fvili ise yapt\u0131\u011f\u0131 k\u0131sa konu\u015fmas\u0131nda, &#8220;2025 Avrupa Gen\u00e7lik Olimpik K\u0131\u015f \u015eenli\u011fi&#8217;ni a\u00e7\u0131yorum.&#8221; s\u00f6z\u00fcn\u00fc kulland\u0131.<\/p>\n<p> <strong>Milli sportmenler Avrupa Gen\u00e7lik Olimpik K\u0131\u015f \u015eenli\u011fi&#8217;ne kat\u0131l\u0131yor<\/strong><\/p>\n<p> T\u00fcrkiye Ulusal Olimpiyat Komitesinin a\u00e7\u0131klamas\u0131na nazaran EYOF 2025&#8217;te, 9 bayan ve 9 erkek olmak \u00fczere toplam 18 ulusal sportmen gayret edecek.<\/p>\n<p> Ay-y\u0131ld\u0131zl\u0131 atletler alp disiplini, artistik buz pateni, biatlon, kayakl\u0131 ko\u015fu ve k\u0131sa kulvar h\u0131z pateni bran\u015flar\u0131nda yar\u0131\u015facak.<\/p>\n<p> Tertibe kat\u0131lacak ulusal sportmenler ve bran\u015flar\u0131 \u015f\u00f6yle:<\/p>\n<p> Artistik buz pateni: Atilla Arda \u015eahinolanlar, Ada Demir<\/p>\n<p> K\u0131sa kulvar h\u0131z pateni: Berat Efe K\u0131s\u0131m, Yusuf Mira\u00e7 Uluda\u011f, Derya Karada\u011f, Nisa I\u015f\u0131k Fidan.<\/p>\n<p> Alp disiplini: Yetenekli \u00c7elik, Thomas Kaan Onol Lang, Irmak Atilla, Alin \u00d6zozan<\/p>\n<p> Biatlon: Bulut Meral, Mehmet Sefa Erta\u015f, Rabia Neval Tekin, Nuref\u015fan \u00c7\u0131nar<\/p>\n<p> Kayakl\u0131 ko\u015fu: Ali \u0130hsan Koca, Abdulsamed Y\u0131lmaz, Sedanur Ta\u015f\u00e7\u0131, Havvanur Eskikan<\/p>\n<p> \u015eenlik 16 \u015eubat&#8217;ta sona erecek.<\/p>\n<div>\u00a0<\/div>\n<\/p><\/div>\n<div>\u00a0<\/div>\n","protected":false},"excerpt":{"rendered":"<p>G\u00fcrcistan&#8217;\u0131n Bakuriani Kayak Merkezi&#8217;nde, 2025 Avrupa Gen\u00e7lik Olimpik K\u0131\u015f \u015eenli\u011fi&#8217;nin (EYOF) a\u00e7\u0131l\u0131\u015f\u0131 yap\u0131ld\u0131.<\/p>\n","protected":false},"author":1,"featured_media":16768,"comment_status":"open","ping_status":"open","sticky":false,"template":"","format":"standard","meta":{"footnotes":""},"categories":[27],"tags":[205,1774,270,782],"class_list":["post-16767","post","type-post","status-publish","format-standard","has-post-thumbnail","hentry","category-guncel-haberler","tag-avrupa","tag-festival","tag-milli","tag-sporcu"],"_links":{"self":[{"href":"https:\/\/haberbesiktas.tr\/index.php?rest_route=\/wp\/v2\/posts\/16767","targetHints":{"allow":["GET"]}}],"collection":[{"href":"https:\/\/haberbesiktas.tr\/index.php?rest_route=\/wp\/v2\/posts"}],"about":[{"href":"https:\/\/haberbesiktas.tr\/index.php?rest_route=\/wp\/v2\/types\/post"}],"author":[{"embeddable":true,"href":"https:\/\/haberbesiktas.tr\/index.php?rest_route=\/wp\/v2\/users\/1"}],"replies":[{"embeddable":true,"href":"https:\/\/haberbesiktas.tr\/index.php?rest_route=%2Fwp%2Fv2%2Fcomments&post=16767"}],"version-history":[{"count":1,"href":"https:\/\/haberbesiktas.tr\/index.php?rest_route=\/wp\/v2\/posts\/16767\/revisions"}],"predecessor-version":[{"id":16769,"href":"https:\/\/haberbesiktas.tr\/index.php?rest_route=\/wp\/v2\/posts\/16767\/revisions\/16769"}],"wp:featuredmedia":[{"embeddable":true,"href":"https:\/\/haberbesiktas.tr\/index.php?rest_route=\/wp\/v2\/media\/16768"}],"wp:attachment":[{"href":"https:\/\/haberbesiktas.tr\/index.php?rest_route=%2Fwp%2Fv2%2Fmedia&parent=16767"}],"wp:term":[{"taxonomy":"category","embeddable":true,"href":"https:\/\/haberbesiktas.tr\/index.php?rest_route=%2Fwp%2Fv2%2Fcategories&post=16767"},{"taxonomy":"post_tag","embeddable":true,"href":"https:\/\/haberbesiktas.tr\/index.php?rest_route=%2Fwp%2Fv2%2Ftags&post=16767"}],"curies":[{"name":"wp","href":"https:\/\/api.w.org\/{rel}","templated":true}]}}