{"id":1679,"date":"2025-01-07T08:30:51","date_gmt":"2025-01-07T08:30:51","guid":{"rendered":"https:\/\/haberbesiktas.tr\/?p=1679"},"modified":"2025-01-07T08:30:51","modified_gmt":"2025-01-07T08:30:51","slug":"gorme-engelli-binicinin-hedefi-paralimpik-oyunlara-katilmak","status":"publish","type":"post","link":"https:\/\/haberbesiktas.tr\/?p=1679","title":{"rendered":"G\u00f6rme engelli binicinin hedefi paralimpik oyunlara kat\u0131lmak"},"content":{"rendered":"<p>Ankara&#8217;da jokeylik yaparken attan d\u00fc\u015fmesi sonucu g\u00f6rme yetisini kaybeden lakin at sevgisinden vazge\u00e7meyen Tolga Dokuyucu, binicilik bran\u015f\u0131nda paralimpik oyunlara kat\u0131lan birinci T\u00fcrk atlet olmay\u0131 hedefliyor.<\/p>\n<p> Profesyonel jokeylik mesle\u011fine 2002 y\u0131l\u0131nda ba\u015flayan Tolga Dokuyucu, mesle\u011finin 16&#8217;nc\u0131 y\u0131l\u0131nda yar\u0131\u015fa haz\u0131rlad\u0131\u011f\u0131 at\u0131n \u00fczerinden d\u00fc\u015fmesi sonucu ba\u015f travmas\u0131 ge\u00e7irdi. Ge\u00e7irdi\u011fi kaza nedeniyle g\u00f6rme yetisini b\u00fcsb\u00fct\u00fcn kaybeden 2 \u00e7ocuk babas\u0131 39 ya\u015f\u0131ndaki Dokuyucu, topluma ahenk sa\u011flamak i\u00e7in ba\u015fvurdu\u011fu rehabilitasyon merkezinde Braille alfabesi, ak\u0131ll\u0131 telefon ve bilgisayar kullan\u0131m\u0131 ile ba\u011f\u0131ms\u0131z hareket tekniklerini \u00f6\u011frendi.<\/p>\n<p> Yakla\u015f\u0131k 2 y\u0131l s\u00fcren uzun ve kuvvetli tedavi s\u00fcrecinin akabinde ailesi ve arkada\u015flar\u0131n\u0131n dayana\u011f\u0131yla at\u0131n \u00fczerine tekrar \u00e7\u0131kan Dokuyucu, Ankara&#8217;da gitti\u011fi Binicilik ve \u0130htisas Kul\u00fcb\u00fcnde antren\u00f6r Murat Erdo\u011fan ile tan\u0131\u015ft\u0131. \u00c7al\u0131\u015fmalar\u0131n\u0131 s\u00fcrd\u00fcren Dokuyucu, para binicilik bran\u015f\u0131nda 2028 Paralimpik Oyunlar\u0131&#8217;na kat\u0131lmay\u0131 hedefliyor.<\/p>\n<p> <strong>&#8211; &#8220;G\u00f6rme engelli oldu\u011fumu hissetmeden cet biniyorum&#8221;<\/strong><\/p>\n<p> Binicilikte g\u00f6rme engelli olarak 5 y\u0131ld\u0131r idman yapt\u0131\u011f\u0131n\u0131 belirten Tolga Dokuyucu, at terbiyesi ve at balesi olarak da bilinen para dresaj alan\u0131nda \u00e7al\u0131\u015fmalar\u0131n\u0131 s\u00fcrd\u00fcrd\u00fc\u011f\u00fcn\u00fc kaydetti.<\/p>\n<p> Ge\u00e7irdi\u011fi kazan\u0131n akabinde cet binerken korkmad\u0131\u011f\u0131n\u0131 lisana getiren Dokuyucu, &#8220;Ata binmeyi \u00e7ok seviyorum. Attan d\u00fc\u015ferek g\u00f6zlerimi kaybettim, onlardan kopamad\u0131m, uzakla\u015famad\u0131m. G\u00f6rme engelli oldu\u011fumu hissetmeden cet biniyorum&#8221; dedi.<\/p>\n<p> Tedavilerinin akabinde kazada k\u0131r\u0131lan baca\u011f\u0131n\u0131n d\u00fczg\u00fcnle\u015fmesini bekledi\u011fini, 2 y\u0131l meskende kald\u0131\u011f\u0131n\u0131 ve \u00f6mr\u00fcne devam etmenin yollar\u0131n\u0131 arad\u0131\u011f\u0131n\u0131 aktaran Dokuyucu, \u015funlar\u0131 kaydetti:<\/p>\n<p> &#8220;O m\u00fchlet zarf\u0131nda g\u00f6remedi\u011fim i\u00e7in d\u0131\u015far\u0131da ne olaca\u011f\u0131n\u0131 bilmiyordum. \u00d6ncelikle d\u0131\u015far\u0131ya adapte oldum. Nas\u0131l ilerleyebilirim, ortama nas\u0131l ayak uydurabilirim bunlar\u0131 d\u00fc\u015f\u00fcnd\u00fcm. Bir g\u00f6rme engelli bireyin soka\u011fa \u00e7\u0131kt\u0131\u011f\u0131 vakit nas\u0131l gezebilece\u011fini bilmiyordum. Evvel derne\u011fe giderek orada baston ve telefon kullanmay\u0131 ba\u011f\u0131ms\u0131zl\u0131\u011f\u0131, d\u0131\u015far\u0131da rahat bir halde gezebilmeyi \u00f6\u011frendim. Kendimi geli\u015ftirdikten sonra spora, atlara d\u00f6nmeyi istedim. Manejlere gitgide &#8216;Tekrar neden olmas\u0131n? G\u00f6rm\u00fcyorum ancak cet binebilirim&#8217; diye d\u00fc\u015f\u00fcnd\u00fcm. Ben g\u00f6rm\u00fcyorum fakat at g\u00f6r\u00fcyor. Ben g\u00f6rmesem de o benim g\u00f6z\u00fcm olur, ben onun direksiyonu olurum. Ellerimle at\u0131 y\u00f6nlendirebilirim.&#8221;<\/p>\n<p> <strong>&#8211; &#8220;\u015eu anda atla b\u00fct\u00fcnle\u015fiyorum&#8221;<\/strong><\/p>\n<p> Binicilik hakimiyetini tekrar sa\u011flad\u0131\u011f\u0131n\u0131 ve mesle\u011finde ilerlemek istedi\u011fini vurgulayan Dokuyucu, &#8220;\u015eu anda atla b\u00fct\u00fcnle\u015fiyorum. At\u0131n \u00fcst\u00fcnde oldu\u011fum vakit \u00e7ok huzurlu, keyifli, bir bo\u015flu\u011fa u\u00e7uyormu\u015f \u00fczere hissediyorum. Gelece\u011fe y\u00f6nelik maksad\u0131m birinci evvel ulusal yar\u0131\u015flara kat\u0131labilmek. En b\u00fcy\u00fck maksad\u0131m de paralimpik oyunlara gidebilmek. G\u00f6rmeden cet binmek \u00e7ok s\u0131k\u0131nt\u0131. At\u0131 g\u00f6rm\u00fcyorum fakat denetim edebiliyorum.&#8221; diye konu\u015ftu.<\/p>\n<p> <strong>&#8211; Murat Erdo\u011fan: &#8220;Bizi tan\u0131\u015ft\u0131ran onun at sevgisi&#8221;<\/strong><\/p>\n<p> Ankara Binicilik \u0130htisas Kul\u00fcb\u00fcnde antren\u00f6rl\u00fck yapan ulusal atlet Murat Erdo\u011fan, para binicilik alan\u0131yla tan\u0131\u015fmas\u0131na vesile olan Tolga Dokuyucu hakk\u0131nda, \u015fu s\u00f6zleri kulland\u0131:<\/p>\n<p> &#8220;Onunla birlikte kar\u015f\u0131la\u015fma ko\u015fmak istiyoruz. Bizim bran\u015flar\u0131m\u0131z \u00e7ok farkl\u0131. Dresaj, mahzur atlama ve d\u00fcz ko\u015fu dediklerimiz \u00e7ok farkl\u0131 bran\u015flar. Dresaj ve p\u00fcr\u00fcz atlamay\u0131 bir yere, d\u00fcz ko\u015fuyu bir yere ay\u0131r\u0131yorum. Tolga, \u015fanss\u0131z bir kaza ge\u00e7iriyor. Bizi tan\u0131\u015ft\u0131ran onun at sevgisi. Kazadan sonra korkmam\u0131\u015f yahut y\u0131lmam\u0131\u015f, hayal k\u0131r\u0131kl\u0131\u011f\u0131na u\u011framam\u0131\u015f. Tekrar buraya atlar\u0131 sevmeye geldi, o bi\u00e7imde tan\u0131\u015ft\u0131k Tolga Dokuyucu ile. Sonras\u0131nda bir plan yapt\u0131k ve bir at\u0131n \u00fczerine bindirdim. Akabinde da bu hale kadar geldi. Art\u0131k gayemiz para dresaj yani engellilerin dresaj\u0131 alan\u0131nda ulusal kar\u015f\u0131la\u015fmalar ko\u015fmak. Akabinde da in\u015fallah yurt d\u0131\u015f\u0131nda \u00fclkemizi temsil etmek.&#8221;<\/p>\n<p> Para binicilik alan\u0131nda Tolga Dokuyucu&#8217;ya yard\u0131mc\u0131 olabilmek i\u00e7in kendisini geli\u015ftirmesi gerekti\u011fini aktaran Erdo\u011fan, \u015funlar\u0131 kaydetti:<\/p>\n<p> &#8220;\u00dclkemizde para dresaj atleti \u00f6rne\u011fi birka\u00e7 tane var. Ampute gazi bir askerimiz ve birebir vakitte serebral palsili deneyimli bir Alperen a\u011fabeyimiz var. Tolga Dokuyucu&#8217;yu onlardan ay\u0131ran g\u00f6rme engelli olmas\u0131. Bu T\u00fcrkiye&#8217;de birinci, d\u00fcnyada da \u00e7ok ender. Benim de bilhassa bir ment\u00f6re gereksinimim var. Birka\u00e7 makaleye ula\u015fabildim ve yurt d\u0131\u015f\u0131ndan birka\u00e7 bireyle konu\u015fabildim. Onlardan da \u00e7ok k\u0131sa bilgiler toplad\u0131m. \u0130n\u015fallah deneyimlerimizle geli\u015ftirece\u011fiz.&#8221;<\/p>\n","protected":false},"excerpt":{"rendered":"<p>Attan d\u00fc\u015fmesi sonucu g\u00f6rme yetisini kaybeden Tolga Dokuyucu, binicilik bran\u015f\u0131nda paralimpik oyunlara kat\u0131lan birinci T\u00fcrk sportmen olmay\u0131 hedefliyor.<\/p>\n","protected":false},"author":1,"featured_media":1680,"comment_status":"open","ping_status":"open","sticky":false,"template":"","format":"standard","meta":{"footnotes":""},"categories":[27],"tags":[161,160,158,157,159],"class_list":["post-1679","post","type-post","status-publish","format-standard","has-post-thumbnail","hentry","category-guncel-haberler","tag-ati","tag-atla","tag-binicilik","tag-para","tag-tolga-dokuyucu"],"_links":{"self":[{"href":"https:\/\/haberbesiktas.tr\/index.php?rest_route=\/wp\/v2\/posts\/1679","targetHints":{"allow":["GET"]}}],"collection":[{"href":"https:\/\/haberbesiktas.tr\/index.php?rest_route=\/wp\/v2\/posts"}],"about":[{"href":"https:\/\/haberbesiktas.tr\/index.php?rest_route=\/wp\/v2\/types\/post"}],"author":[{"embeddable":true,"href":"https:\/\/haberbesiktas.tr\/index.php?rest_route=\/wp\/v2\/users\/1"}],"replies":[{"embeddable":true,"href":"https:\/\/haberbesiktas.tr\/index.php?rest_route=%2Fwp%2Fv2%2Fcomments&post=1679"}],"version-history":[{"count":1,"href":"https:\/\/haberbesiktas.tr\/index.php?rest_route=\/wp\/v2\/posts\/1679\/revisions"}],"predecessor-version":[{"id":1681,"href":"https:\/\/haberbesiktas.tr\/index.php?rest_route=\/wp\/v2\/posts\/1679\/revisions\/1681"}],"wp:featuredmedia":[{"embeddable":true,"href":"https:\/\/haberbesiktas.tr\/index.php?rest_route=\/wp\/v2\/media\/1680"}],"wp:attachment":[{"href":"https:\/\/haberbesiktas.tr\/index.php?rest_route=%2Fwp%2Fv2%2Fmedia&parent=1679"}],"wp:term":[{"taxonomy":"category","embeddable":true,"href":"https:\/\/haberbesiktas.tr\/index.php?rest_route=%2Fwp%2Fv2%2Fcategories&post=1679"},{"taxonomy":"post_tag","embeddable":true,"href":"https:\/\/haberbesiktas.tr\/index.php?rest_route=%2Fwp%2Fv2%2Ftags&post=1679"}],"curies":[{"name":"wp","href":"https:\/\/api.w.org\/{rel}","templated":true}]}}