{"id":16801,"date":"2025-04-07T12:36:07","date_gmt":"2025-04-07T12:36:07","guid":{"rendered":"https:\/\/haberbesiktas.tr\/?p=16801"},"modified":"2025-04-07T12:36:07","modified_gmt":"2025-04-07T12:36:07","slug":"oguzhan-cakir-icin-hakemligi-bitti-iddiasi","status":"publish","type":"post","link":"https:\/\/haberbesiktas.tr\/?p=16801","title":{"rendered":"O\u011fuzhan \u00c7ak\u0131r i\u00e7in &#8220;Hakemli\u011fi bitti&#8221; iddias\u0131!"},"content":{"rendered":"<div>S\u00fcper Lig&#8217;de Galatasaray &#8211; Adana Demirspor ma\u00e7\u0131n\u0131n hakemi O\u011fuzhan \u00c7ak\u0131r&#8217;a d\u00fcd\u00fck ast\u0131r\u0131ld\u0131\u011f\u0131 arg\u00fcman edildi.<\/p>\n<p> Ma\u00e7\u0131n 12. dakikas\u0131nda Semih G\u00fcler ile Dries Mertens&#8217;in ceza alan\u0131ndaki durumu sonras\u0131 penalt\u0131 noktas\u0131n\u0131 g\u00f6steren O\u011fuzhan \u00c7ak\u0131r, bu karar\u0131yla m\u00fcsabakan\u0131n \u00f6n\u00fcne ge\u00e7ti.<\/p>\n<p> Toplumsal medyada O\u011fuzhan \u00c7ak\u0131r ile ilgili binlerce payla\u015f\u0131m yap\u0131l\u0131rken, Merkez Hakem Heyeti&#8217;nin 27 ya\u015f\u0131ndaki hakeme d\u00fcd\u00fck ast\u0131r\u0131ld\u0131\u011f\u0131 arg\u00fcman edildi. X platformundaki bu tez, k\u0131sa m\u00fchlet i\u00e7erisinde artarak devam etti.<\/p>\n<p> Merkez Hakem Kurulu, \u015fimdi ma\u00e7la ilgili bir a\u00e7\u0131klama yapmazken, O\u011fuzhan \u00c7ak\u0131r ile bu arg\u00fcmanlara da resmi bir kar\u015f\u0131l\u0131k gelmedi.<\/p>\n<p> \u00d6te yandan O\u011fuzhan \u00c7ak\u0131r&#8217;\u0131n uzun bir m\u00fchlet ma\u00e7 almayaca\u011f\u0131 tahmin edilirken, MHK Ba\u015fkan\u0131 Ferhat G\u00fcndo\u011fdu&#8217;nun d\u00fcd\u00fck ast\u0131r\u0131lma teziyle ilgili k\u0131sa bir m\u00fchlet i\u00e7erisinde a\u00e7\u0131klama yapmas\u0131 bekleniyor.\u00a0<\/p>\n<\/div>\n","protected":false},"excerpt":{"rendered":"<p>Galatasaray &#8211; Adana Demirspor ma\u00e7\u0131n\u0131n hakemi O\u011fuzhan \u00c7ak\u0131r i\u00e7in fla\u015f bir arg\u00fcman g\u00fcndeme geldi. Ayr\u0131nt\u0131lar&#8230;<\/p>\n","protected":false},"author":1,"featured_media":16802,"comment_status":"open","ping_status":"open","sticky":false,"template":"","format":"standard","meta":{"footnotes":""},"categories":[25],"tags":[565,1776],"class_list":["post-16801","post","type-post","status-publish","format-standard","has-post-thumbnail","hentry","category-futbol","tag-iddia","tag-oguzhan-cakir"],"_links":{"self":[{"href":"https:\/\/haberbesiktas.tr\/index.php?rest_route=\/wp\/v2\/posts\/16801","targetHints":{"allow":["GET"]}}],"collection":[{"href":"https:\/\/haberbesiktas.tr\/index.php?rest_route=\/wp\/v2\/posts"}],"about":[{"href":"https:\/\/haberbesiktas.tr\/index.php?rest_route=\/wp\/v2\/types\/post"}],"author":[{"embeddable":true,"href":"https:\/\/haberbesiktas.tr\/index.php?rest_route=\/wp\/v2\/users\/1"}],"replies":[{"embeddable":true,"href":"https:\/\/haberbesiktas.tr\/index.php?rest_route=%2Fwp%2Fv2%2Fcomments&post=16801"}],"version-history":[{"count":1,"href":"https:\/\/haberbesiktas.tr\/index.php?rest_route=\/wp\/v2\/posts\/16801\/revisions"}],"predecessor-version":[{"id":16803,"href":"https:\/\/haberbesiktas.tr\/index.php?rest_route=\/wp\/v2\/posts\/16801\/revisions\/16803"}],"wp:featuredmedia":[{"embeddable":true,"href":"https:\/\/haberbesiktas.tr\/index.php?rest_route=\/wp\/v2\/media\/16802"}],"wp:attachment":[{"href":"https:\/\/haberbesiktas.tr\/index.php?rest_route=%2Fwp%2Fv2%2Fmedia&parent=16801"}],"wp:term":[{"taxonomy":"category","embeddable":true,"href":"https:\/\/haberbesiktas.tr\/index.php?rest_route=%2Fwp%2Fv2%2Fcategories&post=16801"},{"taxonomy":"post_tag","embeddable":true,"href":"https:\/\/haberbesiktas.tr\/index.php?rest_route=%2Fwp%2Fv2%2Ftags&post=16801"}],"curies":[{"name":"wp","href":"https:\/\/api.w.org\/{rel}","templated":true}]}}