{"id":16807,"date":"2025-04-07T13:00:08","date_gmt":"2025-04-07T13:00:08","guid":{"rendered":"https:\/\/haberbesiktas.tr\/?p=16807"},"modified":"2025-04-07T13:00:08","modified_gmt":"2025-04-07T13:00:08","slug":"galatasarayda-anlasma-przemyslaw-frankowski","status":"publish","type":"post","link":"https:\/\/haberbesiktas.tr\/?p=16807","title":{"rendered":"Galatasaray&#8217;da anla\u015fma: Przemyslaw Frankowski"},"content":{"rendered":"<div>Galatasaray, sa\u011f bek transferi i\u00e7in geri say\u0131ma ba\u015flad\u0131. Sar\u0131-k\u0131rm\u0131z\u0131l\u0131lar, bir m\u00fcddettir g\u00fcndemde olan Przemyslaw Frankowski&#8217;de keyifli sona ula\u015ft\u0131.<\/p>\n<p><strong>GALATASARAY ANLA\u015eTI!<\/strong><\/p>\n<p> TRT Spor&#8217;un haberine nazaran, Galatasaray, Polonyal\u0131 futbolcunun transferi i\u00e7in kul\u00fcb\u00fc Lens ile muahedeye vard\u0131. Galatasaray, Przemyslaw Frankowski&#8217;yi zarur\u00ee sat\u0131n alma unsuruyla kiralamak i\u00e7in oyuncu ve kul\u00fcb\u00fc Lens ile her bahiste anla\u015ft\u0131.<\/p>\n<p><strong>BU AK\u015eAM GEL\u0130YOR<\/strong><\/p>\n<p> 29 ya\u015f\u0131ndaki futbolcunun Galatasaray&#8217;a transferini tamamlamak i\u00e7in bu gece (pazartesi) \u0130stanbul&#8217;a gelmesi bekleniyor.<\/p>\n<p> Frankowski, sa\u011f bekin yan\u0131 s\u0131ra sa\u011f ve sol kanat bek olarak da forma giyebiliyor.<\/p>\n<p><strong>BU D\u00d6NEM PERFORMANSI<\/strong><\/p>\n<p> Frankowski, Galatasaray&#8217;a transfer durumu nedeniyle Lens&#8217;in ligde son oynad\u0131\u011f\u0131 Ka\u00e7 ma\u00e7\u0131n\u0131n tak\u0131m\u0131nda yer almam\u0131\u015ft\u0131.<\/p>\n<p> Lens&#8217;te bu d\u00f6nem 21 ma\u00e7ta m\u00fchlet bulan Polonyal\u0131 futbolcu, 5 gol att\u0131 ve 2 asist yapt\u0131.<\/p>\n<\/div>\n","protected":false},"excerpt":{"rendered":"<p>Galatasaray, Przemyslaw Frankowski&#8217;yi mecbur\u00ee sat\u0131n alma unsuruyla kiralamak i\u00e7in oyuncu ve kul\u00fcb\u00fc Lens ile her mevzuda anla\u015ft\u0131. Polonyal\u0131 futbolcunun bu ak\u015fam \u0130stanbul&#8217;a gelmesi bekleniyor.<\/p>\n","protected":false},"author":1,"featured_media":16808,"comment_status":"open","ping_status":"open","sticky":false,"template":"","format":"standard","meta":{"footnotes":""},"categories":[25],"tags":[129],"class_list":["post-16807","post","type-post","status-publish","format-standard","has-post-thumbnail","hentry","category-futbol","tag-galatasaray"],"_links":{"self":[{"href":"https:\/\/haberbesiktas.tr\/index.php?rest_route=\/wp\/v2\/posts\/16807","targetHints":{"allow":["GET"]}}],"collection":[{"href":"https:\/\/haberbesiktas.tr\/index.php?rest_route=\/wp\/v2\/posts"}],"about":[{"href":"https:\/\/haberbesiktas.tr\/index.php?rest_route=\/wp\/v2\/types\/post"}],"author":[{"embeddable":true,"href":"https:\/\/haberbesiktas.tr\/index.php?rest_route=\/wp\/v2\/users\/1"}],"replies":[{"embeddable":true,"href":"https:\/\/haberbesiktas.tr\/index.php?rest_route=%2Fwp%2Fv2%2Fcomments&post=16807"}],"version-history":[{"count":1,"href":"https:\/\/haberbesiktas.tr\/index.php?rest_route=\/wp\/v2\/posts\/16807\/revisions"}],"predecessor-version":[{"id":16809,"href":"https:\/\/haberbesiktas.tr\/index.php?rest_route=\/wp\/v2\/posts\/16807\/revisions\/16809"}],"wp:featuredmedia":[{"embeddable":true,"href":"https:\/\/haberbesiktas.tr\/index.php?rest_route=\/wp\/v2\/media\/16808"}],"wp:attachment":[{"href":"https:\/\/haberbesiktas.tr\/index.php?rest_route=%2Fwp%2Fv2%2Fmedia&parent=16807"}],"wp:term":[{"taxonomy":"category","embeddable":true,"href":"https:\/\/haberbesiktas.tr\/index.php?rest_route=%2Fwp%2Fv2%2Fcategories&post=16807"},{"taxonomy":"post_tag","embeddable":true,"href":"https:\/\/haberbesiktas.tr\/index.php?rest_route=%2Fwp%2Fv2%2Ftags&post=16807"}],"curies":[{"name":"wp","href":"https:\/\/api.w.org\/{rel}","templated":true}]}}