{"id":16939,"date":"2025-04-07T21:36:07","date_gmt":"2025-04-07T21:36:07","guid":{"rendered":"https:\/\/haberbesiktas.tr\/?p=16939"},"modified":"2025-04-07T21:36:07","modified_gmt":"2025-04-07T21:36:07","slug":"samsunda-okculuk-heyecani-en-iyi-isimler-gelecek","status":"publish","type":"post","link":"https:\/\/haberbesiktas.tr\/?p=16939","title":{"rendered":"Samsun&#8217;da ok\u00e7uluk heyecan\u0131: &#8220;En iyi isimler gelecek&#8221;"},"content":{"rendered":"<p>Avrupa&#8217;n\u0131n en yeterli ok\u00e7ular\u0131, Samsun&#8217;da d\u00fczenlenecek 2025 Salon Avrupa \u015eampiyonas\u0131&#8217;nda \u00e7aba edecek.<\/p>\n<p> Samsun \u0130lkad\u0131m Ok\u00e7uluk Tesisleri&#8217;nde d\u00fczenlenecek tertipte kar\u015f\u0131la\u015fmalar, klasik ve makaral\u0131 yay\u0131n yan\u0131 s\u0131ra barebow (yal\u0131n yay) kategorisinde b\u00fcy\u00fckler ve 21 ya\u015f alt\u0131nda ger\u00e7ekle\u015ftirecek.<\/p>\n<p> T\u00fcrkiye Ok\u00e7uluk Federasyonu Ba\u015fkan\u0131 Abdullah Topalo\u011flu, 17-23 \u015eubat tarihlerinde T\u00fcrkiye&#8217;nin konut sahipli\u011fi yapaca\u011f\u0131 k\u0131ymetli tertip \u00f6ncesi AA muhabirine a\u00e7\u0131klamalarda bulundu.<\/p>\n<p> Topalo\u011flu, Samsun&#8217;da 2025 Salon Federasyon Kupas\u0131 ve ulusal grup se\u00e7me yar\u0131\u015f\u0131 d\u00fczenlediklerini hat\u0131rlatarak, &#8220;Bu y\u0131lki Salon Ok\u00e7uluk Avrupa \u015eampiyonas\u0131 T\u00fcrkiye&#8217;mizde, Samsun&#8217;da olacak. Tertibe 25 \u00fclkeden yakla\u015f\u0131k 300 sporcuyu bekliyoruz. Bunlar, Avrupa&#8217;n\u0131n en uygun atletleri, en yeterli durumda olan atletleri. Do\u011fal ki bizim atletlerimiz da arg\u00fcmanl\u0131. 2025 y\u0131l\u0131n\u0131n birinci b\u00fcy\u00fck m\u00fcsabakas\u0131 olacak.&#8221; diye konu\u015ftu.<\/p>\n<p> Ulusal kadronun \u015fampiyonaya haz\u0131r oldu\u011funu belirten Topalo\u011flu, \u015f\u00f6yle devam etti:<\/p>\n<p> &#8220;Bu yar\u0131\u015fa 36 atletle kat\u0131laca\u011f\u0131z. Bir yenilik var, barebow diye isimlendirdi\u011fimiz yal\u0131n yayla yap\u0131lan farkl\u0131 bir kategori eklendi. O nedenle atletlerimizin say\u0131s\u0131 da artt\u0131. \u00dcmit ediyorum ki burada ulusal ekiplerimiz uygun sonu\u00e7lar, madalyalar alacak. Bir\u00e7ok kategoride madalya beklentimiz var. K\u0131ymetli olan T\u00fcrkiye&#8217;yi, Samsun&#8217;u tan\u0131tmak, t\u00fcm Avrupa&#8217;da T\u00fcrk ok\u00e7ulu\u011funun hangi d\u00fczeylere geldi\u011fini g\u00f6stermek. Niyetimiz, T\u00fcrkiye&#8217;nin ok\u00e7ulukta Avrupa&#8217;da kelam sahibi bir \u00fclke oldu\u011funu hat\u0131rlatmak, vurgulamak. Atletlerimize muvaffakiyetler diliyoruz.&#8221;<\/p>\n<p> Topalo\u011flu, Samsun&#8217;daki ok\u00e7uluk tesisine ba\u015fka bir parantez a\u00e7arak, &#8220;Samsun&#8217;daki salonumuz, yeniden Antalya&#8217;daki a\u00e7\u0131k hava alan\u0131m\u0131z \u00fczere d\u00fcnyada ok\u00e7ulu\u011fa m\u00fcnhas\u0131r birinci salon. Yaln\u0131zca ok\u00e7uluk yap\u0131lan, ok\u00e7uluk idmanlar\u0131nda, \u00e7al\u0131\u015fmalar\u0131nda kullan\u0131lan, ok\u00e7ulu\u011fa m\u00fcnhas\u0131r bir salon olmas\u0131 m\u00fcnasebetiyle sahiden d\u00fcnyada \u00e7ok k\u0131ymetli bir yer tutuyor. Burada y\u0131l boyunca s\u00fcren ok\u00e7uluk etkinliklerimiz var. Gerek Samsunlu ok\u00e7ular\u0131n, gerekse olimpik haz\u0131rl\u0131k merkezlerindeki atletlerimizin \u00e7al\u0131\u015ft\u0131\u011f\u0131, vakit zaman ulusal ekiplerimizin kamplar\u0131nda kulland\u0131\u011f\u0131 nitekim y\u00fcz ak\u0131 bir salonumuz. Bununla da iftihar ediyoruz.&#8221; tabirlerini kulland\u0131.<\/p>\n<p> <strong>&#8220;T\u00fcrk ok\u00e7ulu\u011fu yeterli yolda&#8221;<\/strong><\/p>\n<p> Abdullah Topalo\u011flu, T\u00fcrk ok\u00e7ulu\u011funun 2020 ve 2024 Olimpiyatlar\u0131&#8217;nda kazan\u0131lan madalyalarla kendisini ispat etti\u011finin alt\u0131n\u0131 \u00e7izerek, \u015funlar\u0131 kaydetti:<\/p>\n<p> &#8220;Salon Ok\u00e7uluk Avrupa \u015eampiyonas\u0131, 2028 Olimpiyatlar\u0131 yolunda birinci m\u00fcsabaka diyebiliriz. Yani olimpik d\u00f6nemin a\u00e7\u0131l\u0131\u015f\u0131. Ondan sonra birbirini takip eden bir\u00e7ok yar\u0131\u015f olacak. Bu yar\u0131\u015flarda atletlerimiz, 2028&#8217;e haz\u0131rlan\u0131rken formlar\u0131n\u0131 bulacak. Biz de eksiklerimizi g\u00f6r\u00fcp tamamlayaca\u011f\u0131z ve en \u00e2l\u00e2 tak\u0131mla 2028&#8217;e haz\u0131rlanaca\u011f\u0131z. T\u00fcrk ok\u00e7ulu\u011fu uygun yolda, \u00e7ok daha g\u00fczel i\u015fler yapacak. Zira atletlerimiz, gen\u00e7lerimiz, hocalar\u0131m\u0131z sahiden son derece kaliteli ve i\u015flerini uygun yapan arkada\u015flar\u0131m\u0131z. Biz de onlarla \u00f6v\u00fcn\u00fcyoruz. Onlar\u0131n \u00e7al\u0131\u015fmalar\u0131na imkan sa\u011fl\u0131yoruz, destekliyoruz. Bir ay sonra da a\u00e7\u0131k hava ulusal ekibimizin, olimpik mili kadromuzun se\u00e7mesi olacak. Ondan sonra da yolumuza t\u00fcm s\u00fcratle devam edece\u011fiz.&#8221;<\/p>\n<p> <strong>&#8220;Y\u0131l\u0131n en iyileri&#8221;ne \u00f6vg\u00fc<\/strong><\/p>\n<p> Topalo\u011flu, 2024 D\u00fcnya Ok\u00e7uluk \u00d6d\u00fclleri&#8217;nde \u00d6znur C\u00fcre Girdi&#8217;nin y\u0131l\u0131n bayan para ok\u00e7usu, Yusuf G\u00f6ktu\u011f Ergin&#8217;in ise y\u0131l\u0131n antren\u00f6r\u00fc se\u00e7ildi\u011fini hat\u0131rlatt\u0131.<\/p>\n<p> Ergin&#8217;in \u00fc\u00e7\u00fcnc\u00fc sefer bu m\u00fckafata lay\u0131k g\u00f6r\u00fcld\u00fc\u011f\u00fcn\u00fc vurgulayan Topalo\u011flu, &#8220;\u00dclkemiz i\u00e7in sahiden \u00e7ok b\u00fcy\u00fck bir muvaffakiyet. Kendisiyle gurur duyuyoruz. Onun yurt d\u0131\u015f\u0131ndaki \u00e7al\u0131\u015fmalar\u0131n\u0131 da destekliyoruz. \u015eu an D\u00fcnya Ok\u00e7uluk Federasyonu taraf\u0131ndan d\u00fczenlenen, 60 \u00fcst seviye antren\u00f6r\u00fcn kat\u0131ld\u0131\u011f\u0131 bir seminerde ders veriyor. Bu, bizim a\u00e7\u0131m\u0131zdan, T\u00fcrk sporu a\u00e7\u0131s\u0131ndan \u00e7ok de\u011ferli. Bir T\u00fcrk&#8217;\u00fcn, yurt d\u0131\u015f\u0131nda \u00f6b\u00fcr \u00fclkelerde ders vermeye gidiyor olmas\u0131 bizi ger\u00e7ekten sahiden \u00e7ok sevindiren, memnun eden bir durum.&#8221; de\u011ferlendirmesinde bulundu.<\/p>\n<p> \u00d6znur C\u00fcre Girdi&#8217;yi de tebrik eden Topalo\u011flu, &#8220;T\u00fcm atletlerimiz i\u00e7in bir motivasyon kayna\u011f\u0131 oldu. \u00d6znur&#8217;un kendisi a\u00e7\u0131s\u0131ndan, bizim, \u00fclkemiz a\u00e7\u0131s\u0131ndan sahiden \u00e7ok de\u011ferli muvaffakiyet. Bunlar y\u0131llard\u0131r \u00f6zledi\u011fimiz, bekledi\u011fimiz ba\u015far\u0131lard\u0131. Bunlar\u0131n pe\u015f pe\u015fe geliyor olmas\u0131 bizleri \u00e7ok memnun ediyor.&#8221; diyerek kelamlar\u0131n\u0131 tamamlad\u0131.<\/p>\n<p> <strong>Avrupa \u015eampiyonas\u0131 kadrosu<\/strong><\/p>\n<p> <strong>2025 Salon Ok\u00e7uluk Avrupa \u015eampiyonas\u0131&#8217;nda T\u00fcrkiye&#8217;yi temsil edecek atletler ve kategorileri \u015f\u00f6yle:<\/strong><\/p>\n<p> Klasik yay b\u00fcy\u00fck erkekler: Mete Gazoz, Ula\u015f Berkim T\u00fcmer, Muahmmed Abdullah Y\u0131ld\u0131rm\u0131\u015f<\/p>\n<p> Klasik yay b\u00fcy\u00fck bayanlar: Zeynep K\u00f6se, Fatma Mara\u015fl\u0131, Gizem \u00d6zkan<\/p>\n<p> Klasik yay 21 ya\u015f alt\u0131 erkekler: Berkay Akkoyun, Mustafa \u00d6zdemir, Kutay Tek<\/p>\n<p> Klasik yay 21 ya\u015f alt\u0131 bayanlar: Elif Berra G\u00f6kk\u0131r, D\u00fcnya Yenihayat, Melissa Ahmed<\/p>\n<p> Makaral\u0131 yay erkekler: Batuhan Ak\u00e7ao\u011flu, Emircan Haney, Ahmet Can Yola\u00e7<\/p>\n<p> Makaral\u0131 yay bayanlar: Hazal Burun, Emine Rabia O\u011fuz, Ay\u015fe Bera S\u00fczer<\/p>\n<p> Makaral\u0131 yay 21 ya\u015f alt\u0131 erkekler: Ya\u011f\u0131z Sezgin, Eren K\u0131rca, Batuhan Levent Sa\u011flam<\/p>\n<p> Makaral\u0131 yay 21 ya\u015f alt\u0131 bayanlar: Beg\u00fcm Yuva, Hatice Efdal K\u00f6se, Selin \u00c7ak\u0131r<\/p>\n<p> Barebow erkekler: Furkan Oru\u00e7, Emre Din\u00e7el, H\u00fcseyin Ferhat Kemalo\u011flu<\/p>\n<p> Barebow bayanlar: R\u00fcmeysa Uysal, Emel Ate\u015f, G\u00fclfidan Y\u00fcksel Ayd\u0131n<\/p>\n<p> Barebow 21 ya\u015f alt\u0131 erkekler: Yunus Dursun, Ufuk Gen\u00e7, Efe K\u0131z\u0131lkaya<\/p>\n<p> Barebow 21 ya\u015f alt\u0131 bayanlar: Dilara Ecem Deniz, S\u00fcnd\u00fcs Sude Tak, Melisa Sa\u011fda\u015f<\/p>\n","protected":false},"excerpt":{"rendered":"<p>Ok\u00e7ulukta 2025 y\u0131l\u0131n\u0131n de\u011ferli birinci tertibi olan Salon Avrupa \u015eampiyonas\u0131, Samsun&#8217;da yap\u0131lacak. T\u00fcrkiye Ok\u00e7uluk Federasyonu Ba\u015fkan\u0131 Abdullah Topalo\u011flu. &#8220;Organizasyona 25 \u00fclkeden yakla\u015f\u0131k 300 sporcuyu bekliyoruz. Bunlar, Avrupa&#8217;n\u0131n en g\u00fczel atletleri, en uygun durumda olan atletleri. \u00dcmit ediyorum ki burada ulusal ekiplerimiz g\u00fczel sonu\u00e7lar, madalyalar alacak.&#8221; tabirlerini kulland\u0131.<\/p>\n","protected":false},"author":1,"featured_media":16940,"comment_status":"open","ping_status":"open","sticky":false,"template":"","format":"standard","meta":{"footnotes":""},"categories":[27],"tags":[274,942,1788,652,1789],"class_list":["post-16939","post","type-post","status-publish","format-standard","has-post-thumbnail","hentry","category-guncel-haberler","tag-21-yas-alti","tag-okculuk","tag-salon","tag-sporcularimiz","tag-topaloglu"],"_links":{"self":[{"href":"https:\/\/haberbesiktas.tr\/index.php?rest_route=\/wp\/v2\/posts\/16939","targetHints":{"allow":["GET"]}}],"collection":[{"href":"https:\/\/haberbesiktas.tr\/index.php?rest_route=\/wp\/v2\/posts"}],"about":[{"href":"https:\/\/haberbesiktas.tr\/index.php?rest_route=\/wp\/v2\/types\/post"}],"author":[{"embeddable":true,"href":"https:\/\/haberbesiktas.tr\/index.php?rest_route=\/wp\/v2\/users\/1"}],"replies":[{"embeddable":true,"href":"https:\/\/haberbesiktas.tr\/index.php?rest_route=%2Fwp%2Fv2%2Fcomments&post=16939"}],"version-history":[{"count":1,"href":"https:\/\/haberbesiktas.tr\/index.php?rest_route=\/wp\/v2\/posts\/16939\/revisions"}],"predecessor-version":[{"id":16941,"href":"https:\/\/haberbesiktas.tr\/index.php?rest_route=\/wp\/v2\/posts\/16939\/revisions\/16941"}],"wp:featuredmedia":[{"embeddable":true,"href":"https:\/\/haberbesiktas.tr\/index.php?rest_route=\/wp\/v2\/media\/16940"}],"wp:attachment":[{"href":"https:\/\/haberbesiktas.tr\/index.php?rest_route=%2Fwp%2Fv2%2Fmedia&parent=16939"}],"wp:term":[{"taxonomy":"category","embeddable":true,"href":"https:\/\/haberbesiktas.tr\/index.php?rest_route=%2Fwp%2Fv2%2Fcategories&post=16939"},{"taxonomy":"post_tag","embeddable":true,"href":"https:\/\/haberbesiktas.tr\/index.php?rest_route=%2Fwp%2Fv2%2Ftags&post=16939"}],"curies":[{"name":"wp","href":"https:\/\/api.w.org\/{rel}","templated":true}]}}