{"id":16946,"date":"2025-04-07T22:00:09","date_gmt":"2025-04-07T22:00:09","guid":{"rendered":"https:\/\/haberbesiktas.tr\/?p=16946"},"modified":"2025-04-07T22:00:09","modified_gmt":"2025-04-07T22:00:09","slug":"cuban-doncic-takasini-engellemeye-calisti-ancak-gec-kaldi-iddiasi","status":"publish","type":"post","link":"https:\/\/haberbesiktas.tr\/?p=16946","title":{"rendered":"&#8220;Cuban, Doncic takas\u0131n\u0131 engellemeye \u00e7al\u0131\u015ft\u0131 ancak ge\u00e7 kald\u0131&#8221; iddias\u0131!"},"content":{"rendered":"<div>Dallas Mavericks&#8217;in az\u0131nl\u0131k sahibi Mark Cuban&#8217;\u0131n, eski y\u0131ld\u0131z oyuncusu Luka Doncic&#8217;in takas edilmesini \u00f6nlemeye \u00e7al\u0131\u015ft\u0131\u011f\u0131 lakin muahedenin \u00e7oktan sa\u011fland\u0131\u011f\u0131 tez edildi.<\/p>\n<p> NBA muhabiri Marc Stein&#8217;in Substack&#8217;te yay\u0131nlad\u0131\u011f\u0131 habere nazaran Cuban, genel menajer Nico Harrison&#8217;a takas\u0131 durdurmas\u0131 i\u00e7in bask\u0131 yapt\u0131 lakin kelaml\u0131 muahede \u00e7oktan yap\u0131lm\u0131\u015ft\u0131.<\/p>\n<p> Doncic, 2 \u015eubat&#8217;ta ger\u00e7ekle\u015fen takasla Los Angeles Lakers&#8217;a g\u00f6nderildi. Bu dev mutabakat kapsam\u0131nda Anthony Davis, Max Christie ve 2029 birinci \u00e7e\u015fit draft hakk\u0131 Dallas Mavericks&#8217;e giderken, Utah Jazz ise Jalen Hood-Schifino ve iki adet ikinci \u00e7e\u015fit draft hakk\u0131 ald\u0131.<\/p>\n<p> Stein&#8217;\u0131n haberine nazaran Mark Cuban, <strong>Luka Doncic&#8217;i<\/strong> t\u0131pk\u0131 Dirk Nowitzki \u00fczere <strong>Mavericks formas\u0131yla mesle\u011fini tamamlayacak<\/strong> bir oyuncu olarak g\u00f6r\u00fcyordu. Lakin genel menajer Harrison&#8217;\u0131n farkl\u0131 tela\u015flar\u0131 vard\u0131.<\/p>\n<p> Harrison, Doncic&#8217;in <strong>kondisyonu,<\/strong> liderlik yetene\u011fi ve ilerleyen ya\u015f\u0131na ba\u011fl\u0131 olarak <strong>sakatl\u0131klara kar\u015f\u0131 direnci<\/strong> konusunda uzun m\u00fcddettir tela\u015f duyuyordu. Ayr\u0131yeten, Sloven y\u0131ld\u0131z\u0131n saha d\u0131\u015f\u0131ndaki al\u0131\u015fkanl\u0131klar\u0131n\u0131 de\u011fi\u015ftirmeyece\u011fini, hakemlerle olan olumsuz tavr\u0131n\u0131 s\u00fcrd\u00fcrece\u011fini ve ekip k\u00fclt\u00fcr\u00fcne tam manas\u0131yla ahenk sa\u011flayamayaca\u011f\u0131n\u0131 d\u00fc\u015f\u00fcn\u00fcyordu.<\/p>\n<p> Bu nedenle Mavericks idaresi, Doncic&#8217;e temmuz ay\u0131nda \u00f6nerilmesi planlanan <strong>be\u015f y\u0131ll\u0131k 350 milyon dolarl\u0131k<\/strong> \u00fcst\u00fcn azam\u00ee kontrat\u0131 vermek yerine onu takas etmeyi tercih etti.<\/p>\n<p> <span>TAKAS B\u00dcY\u00dcK REAKS\u0130YON G\u00d6RD\u00dc<\/span><\/p>\n<p> Takas karar\u0131, NBA toplulu\u011funda b\u00fcy\u00fck yank\u0131 uyand\u0131rd\u0131. Doncic, Mavericks&#8217;in gelece\u011finin temel ta\u015f\u0131 olarak g\u00f6r\u00fcl\u00fcyordu ve d\u00f6nem \u00f6ncesinde 28.1 say\u0131, 8.3 ribaund ve 7.8 asist ortalamalar\u0131yla oynuyordu.<\/p>\n<p> \u00d6te yandan, Doncic&#8217;in takastan <strong>habersiz<\/strong> oldu\u011fu ortaya \u00e7\u0131kt\u0131. Eski NBA oyuncusu <strong>Chandler Parsons&#8217;a<\/strong> nazaran Sloven y\u0131ld\u0131z, takas edilmeden yaln\u0131zca bir hafta evvel Dallas&#8217;ta <strong>15 milyon dolarl\u0131k<\/strong> bir konut sat\u0131n alm\u0131\u015ft\u0131.<\/p>\n<p> Bu takas, NBA tarihinde bir birinci olarak kay\u0131tlara ge\u00e7ti. Birinci sefer, t\u0131pk\u0131 d\u00f6nemde All-NBA se\u00e7ilen iki oyuncu, d\u00f6nem ortas\u0131nda takas edildi.<\/p>\n<p> Dallas Mavericks&#8217;in genel menajeri Nico Harrison ise karar\u0131 savunarak,<strong> &#8220;\u015eampiyonluklar savunmayla kazan\u0131l\u0131r&#8221;<\/strong> s\u00f6z\u00fcn\u00fc kulland\u0131 ve Anthony Davis&#8217;in bu alandaki tesirine vurgu yapt\u0131.<\/p>\n<p> <span>BU GECE S\u0130FTAHINI YAPAB\u0130L\u0130R<\/span><\/p>\n<p> 25 ya\u015f\u0131ndaki y\u0131ld\u0131z oyuncu, Noel&#8217;den bu yana bald\u0131r sakatl\u0131\u011f\u0131yla \u00e7aba ediyor lakin bu gece Utah Jazz kar\u015f\u0131s\u0131nda Lakers formas\u0131yla alana \u00e7\u0131kabilir. Bat\u0131 Konferans\u0131&#8217;nda be\u015finci s\u0131rada yer alan Los Angeles, Doncic&#8217;in geli\u015fiyle birlikte playoff yar\u0131\u015f\u0131nda avantaj yakalamay\u0131 hedefliyor.<\/p>\n<p> \u00d6te yandan, Dallas Mavericks art\u0131k Anthony Davis ve Kyrie Irving \u00f6nderli\u011finde yoluna devam edecek. Sekizinci s\u0131radaki Mavericks, d\u00f6nemin geri kalan k\u0131sm\u0131nda eski s\u00fcperstar\u0131 olmadan nas\u0131l bir performans sergileyece\u011fi konusunda belirsizlik ya\u015f\u0131yor.<\/p>\n<\/div>\n<p><\/p>\n","protected":false},"excerpt":{"rendered":"<p>Dallas Mavericks&#8217;in az\u0131nl\u0131k sahibi Mark Cuban&#8217;\u0131n, eski y\u0131ld\u0131z oyuncusu Luka Doncic&#8217;in takas edilmesini \u00f6nlemeye \u00e7al\u0131\u015ft\u0131\u011f\u0131 fakat mutabakat\u0131n \u00e7oktan sa\u011fland\u0131\u011f\u0131 arg\u00fcman edildi.<\/p>\n","protected":false},"author":1,"featured_media":16947,"comment_status":"open","ping_status":"open","sticky":false,"template":"","format":"standard","meta":{"footnotes":""},"categories":[10],"tags":[1580,1555,142,49,140],"class_list":["post-16946","post","type-post","status-publish","format-standard","has-post-thumbnail","hentry","category-basketbol","tag-dallas","tag-mavericks","tag-nba","tag-oyuncu","tag-takas"],"_links":{"self":[{"href":"https:\/\/haberbesiktas.tr\/index.php?rest_route=\/wp\/v2\/posts\/16946","targetHints":{"allow":["GET"]}}],"collection":[{"href":"https:\/\/haberbesiktas.tr\/index.php?rest_route=\/wp\/v2\/posts"}],"about":[{"href":"https:\/\/haberbesiktas.tr\/index.php?rest_route=\/wp\/v2\/types\/post"}],"author":[{"embeddable":true,"href":"https:\/\/haberbesiktas.tr\/index.php?rest_route=\/wp\/v2\/users\/1"}],"replies":[{"embeddable":true,"href":"https:\/\/haberbesiktas.tr\/index.php?rest_route=%2Fwp%2Fv2%2Fcomments&post=16946"}],"version-history":[{"count":1,"href":"https:\/\/haberbesiktas.tr\/index.php?rest_route=\/wp\/v2\/posts\/16946\/revisions"}],"predecessor-version":[{"id":16948,"href":"https:\/\/haberbesiktas.tr\/index.php?rest_route=\/wp\/v2\/posts\/16946\/revisions\/16948"}],"wp:featuredmedia":[{"embeddable":true,"href":"https:\/\/haberbesiktas.tr\/index.php?rest_route=\/wp\/v2\/media\/16947"}],"wp:attachment":[{"href":"https:\/\/haberbesiktas.tr\/index.php?rest_route=%2Fwp%2Fv2%2Fmedia&parent=16946"}],"wp:term":[{"taxonomy":"category","embeddable":true,"href":"https:\/\/haberbesiktas.tr\/index.php?rest_route=%2Fwp%2Fv2%2Fcategories&post=16946"},{"taxonomy":"post_tag","embeddable":true,"href":"https:\/\/haberbesiktas.tr\/index.php?rest_route=%2Fwp%2Fv2%2Ftags&post=16946"}],"curies":[{"name":"wp","href":"https:\/\/api.w.org\/{rel}","templated":true}]}}