{"id":16949,"date":"2025-04-07T22:12:09","date_gmt":"2025-04-07T22:12:09","guid":{"rendered":"https:\/\/haberbesiktas.tr\/?p=16949"},"modified":"2025-04-07T22:12:09","modified_gmt":"2025-04-07T22:12:09","slug":"doncicin-takasindan-sonra-maverickste-bir-ayrilik-daha","status":"publish","type":"post","link":"https:\/\/haberbesiktas.tr\/?p=16949","title":{"rendered":"Doncic&#8217;in takas\u0131ndan sonra Mavericks&#8217;te bir ayr\u0131l\u0131k daha!"},"content":{"rendered":"<div>Dallas Mavericks&#8217;te asistan ko\u00e7 Marko Milic, Luka Doncic&#8217;in Los Angeles Lakers&#8217;a takas edilmesinin akabinde vazifesinden ayr\u0131ld\u0131. <\/p>\n<p>NBA muhabiri Marc Stein&#8217;in haberine nazaran Milic, Sloven y\u0131ld\u0131z olmadan ekipte kalmak istemedi.<\/p>\n<p> NBA&#8217;de forma giyen birinci Sloven oyuncu olan Milic, Mavericks&#8217;te ki\u015fisel geli\u015fim ko\u00e7u olarak Doncic ile yak\u0131ndan \u00e7al\u0131\u015f\u0131yordu. 2022 y\u0131l\u0131nda Dallas&#8217;a kat\u0131lmadan evvel Slovenya Basketbol Federasyonu&#8217;nda yedi y\u0131l boyunca antren\u00f6rl\u00fck yapt\u0131.<\/p>\n<p> 1997 NBA Draft\u0131&#8217;nda Philadelphia 76ers taraf\u0131ndan ikinci t\u0131pta se\u00e7ilen Milic, be\u015f ay sonra Phoenix Suns&#8217;a takas edilmi\u015fti. 1997-1999 y\u0131llar\u0131 ortas\u0131nda Suns formas\u0131 giyen Milic, 44 ma\u00e7ta 2.5 say\u0131 ortalamas\u0131 tutturmu\u015ftu. O devirde, \u015fimdiki Mavericks ba\u015fantren\u00f6r\u00fc Jason Kidd ile de ekip arkada\u015f\u0131yd\u0131<\/p>\n<\/div>\n<p><\/p>\n","protected":false},"excerpt":{"rendered":"<p>Dallas Mavericks&#8217;te asistan ko\u00e7 Marko Milic, Luka Doncic&#8217;in Los Angeles Lakers&#8217;a takas edilmesinin akabinde vazifesinden ayr\u0131ld\u0131.<\/p>\n","protected":false},"author":1,"featured_media":16950,"comment_status":"open","ping_status":"open","sticky":false,"template":"","format":"standard","meta":{"footnotes":""},"categories":[10],"tags":[1791],"class_list":["post-16949","post","type-post","status-publish","format-standard","has-post-thumbnail","hentry","category-basketbol","tag-milic"],"_links":{"self":[{"href":"https:\/\/haberbesiktas.tr\/index.php?rest_route=\/wp\/v2\/posts\/16949","targetHints":{"allow":["GET"]}}],"collection":[{"href":"https:\/\/haberbesiktas.tr\/index.php?rest_route=\/wp\/v2\/posts"}],"about":[{"href":"https:\/\/haberbesiktas.tr\/index.php?rest_route=\/wp\/v2\/types\/post"}],"author":[{"embeddable":true,"href":"https:\/\/haberbesiktas.tr\/index.php?rest_route=\/wp\/v2\/users\/1"}],"replies":[{"embeddable":true,"href":"https:\/\/haberbesiktas.tr\/index.php?rest_route=%2Fwp%2Fv2%2Fcomments&post=16949"}],"version-history":[{"count":1,"href":"https:\/\/haberbesiktas.tr\/index.php?rest_route=\/wp\/v2\/posts\/16949\/revisions"}],"predecessor-version":[{"id":16951,"href":"https:\/\/haberbesiktas.tr\/index.php?rest_route=\/wp\/v2\/posts\/16949\/revisions\/16951"}],"wp:featuredmedia":[{"embeddable":true,"href":"https:\/\/haberbesiktas.tr\/index.php?rest_route=\/wp\/v2\/media\/16950"}],"wp:attachment":[{"href":"https:\/\/haberbesiktas.tr\/index.php?rest_route=%2Fwp%2Fv2%2Fmedia&parent=16949"}],"wp:term":[{"taxonomy":"category","embeddable":true,"href":"https:\/\/haberbesiktas.tr\/index.php?rest_route=%2Fwp%2Fv2%2Fcategories&post=16949"},{"taxonomy":"post_tag","embeddable":true,"href":"https:\/\/haberbesiktas.tr\/index.php?rest_route=%2Fwp%2Fv2%2Ftags&post=16949"}],"curies":[{"name":"wp","href":"https:\/\/api.w.org\/{rel}","templated":true}]}}