{"id":16979,"date":"2025-04-08T00:12:06","date_gmt":"2025-04-08T00:12:06","guid":{"rendered":"https:\/\/haberbesiktas.tr\/?p=16979"},"modified":"2025-04-08T00:12:06","modified_gmt":"2025-04-08T00:12:06","slug":"harun-muttan-tarihe-gecen-mucadele","status":"publish","type":"post","link":"https:\/\/haberbesiktas.tr\/?p=16979","title":{"rendered":"Harun Mut&#8217;tan tarihe ge\u00e7en m\u00fccadele"},"content":{"rendered":"<p>Harun Mut, D\u00fcnya Para Alp Kayak \u015eampiyonas\u0131&#8217;nda yar\u0131\u015fan birinci T\u00fcrk kayak\u00e7\u0131 oldu.<\/p>\n<p> T\u00fcrkiye Kayak Federasyonunun (TKF) yapt\u0131\u011f\u0131 a\u00e7\u0131klamada, Slovenya&#8217;n\u0131n Maribor kentinde d\u00fczenlenen tertipte Harun Mut, para Alp disiplininde yar\u0131\u015ft\u0131.<\/p>\n<p> A\u00e7\u0131klamada g\u00f6r\u00fc\u015flerine yer verilen T\u00fcrkiye Kayak Federasyonu Ba\u015fkan\u0131 Ali Oto, Slovenya&#8217;da T\u00fcrkiye&#8217;yi temsil eden Harun Mut&#8217;u tebrik ederek, &#8220;Sporcumuzu ve eme\u011fi ge\u00e7enleri tebrik ediyorum. \u0130n\u015fallah daha ho\u015f ba\u015far\u0131lara daima birlikte imza ataca\u011f\u0131z. Bu bir birinciydi ve devam\u0131 gelecek&#8221; diye konu\u015ftu.<\/p>\n<p> Daha evvel para kayakl\u0131 ko\u015fuda Haydar \u00c7etinkaya, T\u00fcrkiye&#8217;yi temsil etmi\u015fti.<\/p>\n","protected":false},"excerpt":{"rendered":"<p>Harun Mut, D\u00fcnya Para Alp Kayak \u015eampiyonas\u0131&#8217;nda u\u011fra\u015f eden birinci T\u00fcrk sportmen oldu.<\/p>\n","protected":false},"author":1,"featured_media":16980,"comment_status":"open","ping_status":"open","sticky":false,"template":"","format":"standard","meta":{"footnotes":""},"categories":[27],"tags":[80,89],"class_list":["post-16979","post","type-post","status-publish","format-standard","has-post-thumbnail","hentry","category-guncel-haberler","tag-kayak","tag-turk"],"_links":{"self":[{"href":"https:\/\/haberbesiktas.tr\/index.php?rest_route=\/wp\/v2\/posts\/16979","targetHints":{"allow":["GET"]}}],"collection":[{"href":"https:\/\/haberbesiktas.tr\/index.php?rest_route=\/wp\/v2\/posts"}],"about":[{"href":"https:\/\/haberbesiktas.tr\/index.php?rest_route=\/wp\/v2\/types\/post"}],"author":[{"embeddable":true,"href":"https:\/\/haberbesiktas.tr\/index.php?rest_route=\/wp\/v2\/users\/1"}],"replies":[{"embeddable":true,"href":"https:\/\/haberbesiktas.tr\/index.php?rest_route=%2Fwp%2Fv2%2Fcomments&post=16979"}],"version-history":[{"count":1,"href":"https:\/\/haberbesiktas.tr\/index.php?rest_route=\/wp\/v2\/posts\/16979\/revisions"}],"predecessor-version":[{"id":16981,"href":"https:\/\/haberbesiktas.tr\/index.php?rest_route=\/wp\/v2\/posts\/16979\/revisions\/16981"}],"wp:featuredmedia":[{"embeddable":true,"href":"https:\/\/haberbesiktas.tr\/index.php?rest_route=\/wp\/v2\/media\/16980"}],"wp:attachment":[{"href":"https:\/\/haberbesiktas.tr\/index.php?rest_route=%2Fwp%2Fv2%2Fmedia&parent=16979"}],"wp:term":[{"taxonomy":"category","embeddable":true,"href":"https:\/\/haberbesiktas.tr\/index.php?rest_route=%2Fwp%2Fv2%2Fcategories&post=16979"},{"taxonomy":"post_tag","embeddable":true,"href":"https:\/\/haberbesiktas.tr\/index.php?rest_route=%2Fwp%2Fv2%2Ftags&post=16979"}],"curies":[{"name":"wp","href":"https:\/\/api.w.org\/{rel}","templated":true}]}}