{"id":16991,"date":"2025-04-08T01:00:07","date_gmt":"2025-04-08T01:00:07","guid":{"rendered":"https:\/\/haberbesiktas.tr\/?p=16991"},"modified":"2025-04-08T01:00:07","modified_gmt":"2025-04-08T01:00:07","slug":"alanyaspor-golcusunu-yunan-devinden-aldi","status":"publish","type":"post","link":"https:\/\/haberbesiktas.tr\/?p=16991","title":{"rendered":"Alanyaspor, golc\u00fcs\u00fcn\u00fc Yunan devinden ald\u0131!"},"content":{"rendered":"<div>Panathinaikos&#8217;ta forma giyen 30 ya\u015f\u0131ndaki forvet Andraz Sporar, Corendon Alanyaspor&#8217;a imza att\u0131.<\/p>\n<p> Yunanistan Ligi&#8217;nin esasl\u0131 kul\u00fcb\u00fcnde gayret eden Sporar, Alanyaspor&#8217;da Serdar Dursun&#8217;dan bo\u015falan yeri doldurdu.<\/p>\n<p> <strong>\u00d6NEML\u0130 KUL\u00dcPLERDE OYNADI<\/strong><\/p>\n<p> Mesle\u011finde Olimpija, Basel, Bielefeld, Basel, Slovan Bratislava, Braga, Middlesbrough ve Sporting Lizbon formalar\u0131 da giydi.<\/p>\n<p> <strong>89 MA\u00c7TA 37 GOLE TES\u0130R ETT\u0130<\/strong><\/p>\n<p> 2022 yaz\u0131nda 3.5 milyon euro kar\u015f\u0131l\u0131\u011f\u0131nda Panathinaikos&#8217;a transfer olan Sloven golc\u00fc, Yunan tak\u0131m\u0131nda 89 ma\u00e7ta 28 gol at\u0131p 9 asist yapt\u0131. Sporar, bu d\u00f6nem 9 ma\u00e7ta 1 gol att\u0131.<\/p>\n<\/div>\n<p><\/p>\n","protected":false},"excerpt":{"rendered":"<p>Corendon Alanyaspor, Panathinaikos&#8217;un 30 ya\u015f\u0131ndaki Sloven golc\u00fcs\u00fc Andraz Sporar&#8217;\u0131 tak\u0131m\u0131na katt\u0131.<\/p>\n","protected":false},"author":1,"featured_media":16992,"comment_status":"open","ping_status":"open","sticky":false,"template":"","format":"standard","meta":{"footnotes":""},"categories":[25],"tags":[],"class_list":["post-16991","post","type-post","status-publish","format-standard","has-post-thumbnail","hentry","category-futbol"],"_links":{"self":[{"href":"https:\/\/haberbesiktas.tr\/index.php?rest_route=\/wp\/v2\/posts\/16991","targetHints":{"allow":["GET"]}}],"collection":[{"href":"https:\/\/haberbesiktas.tr\/index.php?rest_route=\/wp\/v2\/posts"}],"about":[{"href":"https:\/\/haberbesiktas.tr\/index.php?rest_route=\/wp\/v2\/types\/post"}],"author":[{"embeddable":true,"href":"https:\/\/haberbesiktas.tr\/index.php?rest_route=\/wp\/v2\/users\/1"}],"replies":[{"embeddable":true,"href":"https:\/\/haberbesiktas.tr\/index.php?rest_route=%2Fwp%2Fv2%2Fcomments&post=16991"}],"version-history":[{"count":1,"href":"https:\/\/haberbesiktas.tr\/index.php?rest_route=\/wp\/v2\/posts\/16991\/revisions"}],"predecessor-version":[{"id":16993,"href":"https:\/\/haberbesiktas.tr\/index.php?rest_route=\/wp\/v2\/posts\/16991\/revisions\/16993"}],"wp:featuredmedia":[{"embeddable":true,"href":"https:\/\/haberbesiktas.tr\/index.php?rest_route=\/wp\/v2\/media\/16992"}],"wp:attachment":[{"href":"https:\/\/haberbesiktas.tr\/index.php?rest_route=%2Fwp%2Fv2%2Fmedia&parent=16991"}],"wp:term":[{"taxonomy":"category","embeddable":true,"href":"https:\/\/haberbesiktas.tr\/index.php?rest_route=%2Fwp%2Fv2%2Fcategories&post=16991"},{"taxonomy":"post_tag","embeddable":true,"href":"https:\/\/haberbesiktas.tr\/index.php?rest_route=%2Fwp%2Fv2%2Ftags&post=16991"}],"curies":[{"name":"wp","href":"https:\/\/api.w.org\/{rel}","templated":true}]}}