{"id":16997,"date":"2025-04-08T01:24:06","date_gmt":"2025-04-08T01:24:06","guid":{"rendered":"https:\/\/haberbesiktas.tr\/?p=16997"},"modified":"2025-04-08T01:24:06","modified_gmt":"2025-04-08T01:24:06","slug":"milli-tenisci-cem-ilkel-kuveytteki-turnuvada-sampiyon-oldu","status":"publish","type":"post","link":"https:\/\/haberbesiktas.tr\/?p=16997","title":{"rendered":"Milli tenis\u00e7i Cem \u0130lkel, Kuveyt&#8217;teki turnuvada \u015fampiyon oldu"},"content":{"rendered":"<p><span><span>Cem \u0130lkel, Memleketler aras\u0131 Zahra Erkekler Tenis Turnuvas\u0131&#8217;nda \u015fampiyonlu\u011fa ula\u015ft\u0131.\u00a0<\/span><\/span> Kuveyt&#8217;in Zahra b\u00f6lgesinde ger\u00e7ekle\u015ftirilen toplam 15 bin dolar \u00f6d\u00fcll\u00fc turnuvan\u0131n finalinde Cem ile 4 numaral\u0131 seri ba\u015f\u0131 \u0130svi\u00e7reli Johan Nikles kar\u015f\u0131la\u015ft\u0131.<\/p>\n<p> Cem, sert yerde oynanan m\u00fcsabakada \u0130svi\u00e7reli rakibini 6-1&#8217;lik setlerle 2-0 yenerek kupan\u0131n sahibi oldu.<\/p>\n<p> 29 ya\u015f\u0131ndaki ulusal raket, ITF turnuvalar\u0131ndaki 6. tekler zaferini elde etti.<\/p>\n","protected":false},"excerpt":{"rendered":"<p>Cem \u0130lkel, Milletleraras\u0131 Zahra Erkekler Tenis Turnuvas\u0131&#8217;nda \u015fampiyonlu\u011fa ula\u015ft\u0131.<\/p>\n","protected":false},"author":1,"featured_media":16998,"comment_status":"open","ping_status":"open","sticky":false,"template":"","format":"standard","meta":{"footnotes":""},"categories":[38],"tags":[],"class_list":["post-16997","post","type-post","status-publish","format-standard","has-post-thumbnail","hentry","category-tenis"],"_links":{"self":[{"href":"https:\/\/haberbesiktas.tr\/index.php?rest_route=\/wp\/v2\/posts\/16997","targetHints":{"allow":["GET"]}}],"collection":[{"href":"https:\/\/haberbesiktas.tr\/index.php?rest_route=\/wp\/v2\/posts"}],"about":[{"href":"https:\/\/haberbesiktas.tr\/index.php?rest_route=\/wp\/v2\/types\/post"}],"author":[{"embeddable":true,"href":"https:\/\/haberbesiktas.tr\/index.php?rest_route=\/wp\/v2\/users\/1"}],"replies":[{"embeddable":true,"href":"https:\/\/haberbesiktas.tr\/index.php?rest_route=%2Fwp%2Fv2%2Fcomments&post=16997"}],"version-history":[{"count":1,"href":"https:\/\/haberbesiktas.tr\/index.php?rest_route=\/wp\/v2\/posts\/16997\/revisions"}],"predecessor-version":[{"id":16999,"href":"https:\/\/haberbesiktas.tr\/index.php?rest_route=\/wp\/v2\/posts\/16997\/revisions\/16999"}],"wp:featuredmedia":[{"embeddable":true,"href":"https:\/\/haberbesiktas.tr\/index.php?rest_route=\/wp\/v2\/media\/16998"}],"wp:attachment":[{"href":"https:\/\/haberbesiktas.tr\/index.php?rest_route=%2Fwp%2Fv2%2Fmedia&parent=16997"}],"wp:term":[{"taxonomy":"category","embeddable":true,"href":"https:\/\/haberbesiktas.tr\/index.php?rest_route=%2Fwp%2Fv2%2Fcategories&post=16997"},{"taxonomy":"post_tag","embeddable":true,"href":"https:\/\/haberbesiktas.tr\/index.php?rest_route=%2Fwp%2Fv2%2Ftags&post=16997"}],"curies":[{"name":"wp","href":"https:\/\/api.w.org\/{rel}","templated":true}]}}