{"id":17027,"date":"2025-04-08T03:24:07","date_gmt":"2025-04-08T03:24:07","guid":{"rendered":"https:\/\/haberbesiktas.tr\/?p=17027"},"modified":"2025-04-08T03:24:07","modified_gmt":"2025-04-08T03:24:07","slug":"besiktasta-surpriz-transfer-yolda","status":"publish","type":"post","link":"https:\/\/haberbesiktas.tr\/?p=17027","title":{"rendered":"Be\u015fikta\u015f&#8217;ta s\u00fcrpriz transfer yolda!"},"content":{"rendered":"<div>Be\u015fikta\u015f, kanat b\u00f6lgesini Ekvadorlu gen\u00e7 yetenek Keny Arroyo ile g\u00fc\u00e7lendirdi. Siyah beyazl\u0131 idare, gelece\u011fe d\u00f6n\u00fck yap\u0131lan bu atakla ilerleyen y\u0131llarda k\u0131ymetli bir sat\u0131\u015fa imza atmay\u0131 hedefliyor.<\/p>\n<p> Be\u015fikta\u015f&#8217;\u0131n, transfer devrinin bitmesine saatler kala bir oyuncu daha tak\u0131m\u0131na katmas\u0131 bekleniyor.<\/p>\n<p> Siyah beyazl\u0131lar\u0131n, bir orta saha oyuncusu ile anla\u015fmak \u00fczere oldu\u011fu ortaya \u00e7\u0131kt\u0131. \u0130darenin, t\u0131pk\u0131 Arroyo&#8217;da oldu\u011fu \u00fczere gelece\u011fe d\u00f6n\u00fck bir isimle temasta oldu\u011fu \u00f6\u011frenildi.<\/p>\n<p> <strong>AMIR HADZIAHMETOVIC GER\u0130 D\u00d6ND\u00dc<\/strong><\/p>\n<p> Ba\u015fka yandan Be\u015fikta\u015f, Amir Hadziahmetovic&#8217;i geri \u00e7a\u011f\u0131rd\u0131. D\u00f6nem ba\u015f\u0131nda \u00c7aykur Rizespor&#8217;a kiralanan tecr\u00fcbeli orta saha oyuncusu, ligin 2. yar\u0131s\u0131nda siyah beyazl\u0131 formay\u0131 giyecek. Bosna Hersekli futbolcu, Karadeniz grubunda \u00e7\u0131kt\u0131\u011f\u0131 22 ma\u00e7ta 1 defa fileleri sarst\u0131, 1 de gol pas\u0131 verdi.<\/p>\n<\/div>\n<p><\/p>\n","protected":false},"excerpt":{"rendered":"<p>Be\u015fikta\u015f, orta transfer devrinde gelece\u011fe d\u00f6n\u00fck tercihlere y\u00f6neldi. Keny Arroyo&#8217;yu renklerine ba\u011flayan siyah beyazl\u0131lar\u0131n, gen\u00e7 bir oyuncuyu daha tak\u0131ma katmaya \u00e7al\u0131\u015ft\u0131\u011f\u0131 \u00f6\u011frenildi.<\/p>\n","protected":false},"author":1,"featured_media":17028,"comment_status":"open","ping_status":"open","sticky":false,"template":"","format":"standard","meta":{"footnotes":""},"categories":[25],"tags":[],"class_list":["post-17027","post","type-post","status-publish","format-standard","has-post-thumbnail","hentry","category-futbol"],"_links":{"self":[{"href":"https:\/\/haberbesiktas.tr\/index.php?rest_route=\/wp\/v2\/posts\/17027","targetHints":{"allow":["GET"]}}],"collection":[{"href":"https:\/\/haberbesiktas.tr\/index.php?rest_route=\/wp\/v2\/posts"}],"about":[{"href":"https:\/\/haberbesiktas.tr\/index.php?rest_route=\/wp\/v2\/types\/post"}],"author":[{"embeddable":true,"href":"https:\/\/haberbesiktas.tr\/index.php?rest_route=\/wp\/v2\/users\/1"}],"replies":[{"embeddable":true,"href":"https:\/\/haberbesiktas.tr\/index.php?rest_route=%2Fwp%2Fv2%2Fcomments&post=17027"}],"version-history":[{"count":1,"href":"https:\/\/haberbesiktas.tr\/index.php?rest_route=\/wp\/v2\/posts\/17027\/revisions"}],"predecessor-version":[{"id":17029,"href":"https:\/\/haberbesiktas.tr\/index.php?rest_route=\/wp\/v2\/posts\/17027\/revisions\/17029"}],"wp:featuredmedia":[{"embeddable":true,"href":"https:\/\/haberbesiktas.tr\/index.php?rest_route=\/wp\/v2\/media\/17028"}],"wp:attachment":[{"href":"https:\/\/haberbesiktas.tr\/index.php?rest_route=%2Fwp%2Fv2%2Fmedia&parent=17027"}],"wp:term":[{"taxonomy":"category","embeddable":true,"href":"https:\/\/haberbesiktas.tr\/index.php?rest_route=%2Fwp%2Fv2%2Fcategories&post=17027"},{"taxonomy":"post_tag","embeddable":true,"href":"https:\/\/haberbesiktas.tr\/index.php?rest_route=%2Fwp%2Fv2%2Ftags&post=17027"}],"curies":[{"name":"wp","href":"https:\/\/api.w.org\/{rel}","templated":true}]}}