{"id":17030,"date":"2025-04-08T03:36:07","date_gmt":"2025-04-08T03:36:07","guid":{"rendered":"https:\/\/haberbesiktas.tr\/?p=17030"},"modified":"2025-04-08T03:36:07","modified_gmt":"2025-04-08T03:36:07","slug":"besiktasa-sanches-icin-9-milyon-euroluk-yanit","status":"publish","type":"post","link":"https:\/\/haberbesiktas.tr\/?p=17030","title":{"rendered":"Be\u015fikta\u015f&#8217;a Sanches i\u00e7in 9 milyon euro&#8217;luk yan\u0131t!"},"content":{"rendered":"<div>Be\u015fikta\u015f, orta saha transferi konusunda harekete ge\u00e7ti.<\/p>\n<p> Sport 1&#8217;de yer alan habere nazaran, Be\u015fikta\u015f, Lausanne-Sport formas\u0131 giyen 21 ya\u015f\u0131ndaki orta sha oyuncusu Alvyn Sanches ile ilgileniyor.<\/p>\n<p> Be\u015fikta\u015f&#8217;\u0131n gen\u00e7 orta saha oyuncusunun kaidelerini sordu\u011fu belirtildi. \u0130svi\u00e7re grubu Lausanne-Sport, Sanches i\u00e7in 9 milyon euro bonservis talebi bekliyor.<\/p>\n<p> Akt\u00fcel piyasa k\u0131ymeti 9 milyon euro olarak g\u00f6sterilen Sanches&#8217;in kul\u00fcb\u00fc ile 2026 y\u0131l\u0131na kadar kontrat\u0131 bulunuyor.<\/p>\n<p> Ana mevkisi orta saha olan 21 ya\u015f\u0131ndaki futbolcu, on numarada ve en u\u00e7ta da vazife alabiliyor.<\/p>\n<p> Bu d\u00f6nem 26 ma\u00e7ta m\u00fchlet bulan Alvyn Sanches, 13 gol att\u0131 ve 4 asist yapt\u0131.<\/p>\n<\/div>\n<p><\/p>\n","protected":false},"excerpt":{"rendered":"<p>Be\u015fikta\u015f, Lausanne-Sport formas\u0131 giyen Alvyn Sanches i\u00e7in harekete ge\u00e7ti. Lausanne-Sport, 21 ya\u015f\u0131ndaki orta saha oyuncusu 9 milyon euro bonservis bedeli istiyor.<\/p>\n","protected":false},"author":1,"featured_media":17031,"comment_status":"open","ping_status":"open","sticky":false,"template":"","format":"standard","meta":{"footnotes":""},"categories":[25],"tags":[],"class_list":["post-17030","post","type-post","status-publish","format-standard","has-post-thumbnail","hentry","category-futbol"],"_links":{"self":[{"href":"https:\/\/haberbesiktas.tr\/index.php?rest_route=\/wp\/v2\/posts\/17030","targetHints":{"allow":["GET"]}}],"collection":[{"href":"https:\/\/haberbesiktas.tr\/index.php?rest_route=\/wp\/v2\/posts"}],"about":[{"href":"https:\/\/haberbesiktas.tr\/index.php?rest_route=\/wp\/v2\/types\/post"}],"author":[{"embeddable":true,"href":"https:\/\/haberbesiktas.tr\/index.php?rest_route=\/wp\/v2\/users\/1"}],"replies":[{"embeddable":true,"href":"https:\/\/haberbesiktas.tr\/index.php?rest_route=%2Fwp%2Fv2%2Fcomments&post=17030"}],"version-history":[{"count":1,"href":"https:\/\/haberbesiktas.tr\/index.php?rest_route=\/wp\/v2\/posts\/17030\/revisions"}],"predecessor-version":[{"id":17032,"href":"https:\/\/haberbesiktas.tr\/index.php?rest_route=\/wp\/v2\/posts\/17030\/revisions\/17032"}],"wp:featuredmedia":[{"embeddable":true,"href":"https:\/\/haberbesiktas.tr\/index.php?rest_route=\/wp\/v2\/media\/17031"}],"wp:attachment":[{"href":"https:\/\/haberbesiktas.tr\/index.php?rest_route=%2Fwp%2Fv2%2Fmedia&parent=17030"}],"wp:term":[{"taxonomy":"category","embeddable":true,"href":"https:\/\/haberbesiktas.tr\/index.php?rest_route=%2Fwp%2Fv2%2Fcategories&post=17030"},{"taxonomy":"post_tag","embeddable":true,"href":"https:\/\/haberbesiktas.tr\/index.php?rest_route=%2Fwp%2Fv2%2Ftags&post=17030"}],"curies":[{"name":"wp","href":"https:\/\/api.w.org\/{rel}","templated":true}]}}