{"id":17036,"date":"2025-04-08T04:00:07","date_gmt":"2025-04-08T04:00:07","guid":{"rendered":"https:\/\/haberbesiktas.tr\/?p=17036"},"modified":"2025-04-08T04:00:07","modified_gmt":"2025-04-08T04:00:07","slug":"ansu-fatiden-besiktasa-ret","status":"publish","type":"post","link":"https:\/\/haberbesiktas.tr\/?p=17036","title":{"rendered":"Ansu Fati&#8217;den Be\u015fikta\u015f&#8217;a ret!"},"content":{"rendered":"<div>Barcelona, 22 ya\u015f\u0131ndaki futbolcuyu Ansu Fati ile yollar\u0131n\u0131 ay\u0131rmak istiyor.<\/p>\n<p> <strong>AYRILIK FORM\u00dcL\u00dc<\/strong><\/p>\n<p> \u0130spanyol bas\u0131n\u0131ndan Sport&#8217;ta yer alan habere nazaran, Barcelona, gen\u00e7 futbolcunun menajeriyle ayr\u0131l\u0131k form\u00fclleri \u00fczerinde \u00e7al\u0131\u015f\u0131yor.<\/p>\n<p> Barcelona, Fati&#8217;nin ayr\u0131l\u0131\u011f\u0131 konusunda gen\u00e7 oyuncuya yard\u0131mc\u0131 olmaya haz\u0131r fakat Ansu Fati, kadroda m\u00fcddet alamayaca\u011f\u0131n\u0131 bilmesine kar\u015f\u0131n Katalan grubundan ayr\u0131lmak istemiyor.<\/p>\n<p><strong>BE\u015e\u0130KTA\u015e&#8217;IN TEKL\u0130F\u0130 VAR<\/strong><\/p>\n<p> Ansu Fati i\u00e7in \u00e7e\u015fitli kadrolar\u0131n devreye girdi\u011fi ve \u015fu anda gen\u00e7 futbolcu i\u00e7in Be\u015fikta\u015f&#8217;\u0131n kiral\u0131k teklifinin bulundu\u011fu kaydedildi. Lakin Barcelona&#8217;dan ayr\u0131lmak istemeyen 22 ya\u015f\u0131ndaki futbolcunun siyah-beyazl\u0131lara gitmeyi d\u00fc\u015f\u00fcnmedi\u011fi aktar\u0131ld\u0131.<\/p>\n<p> Fati&#8217;nin Barcelona&#8217;da kendisini inan\u00e7ta hissetti\u011fi ve bilinmeyen bir maceraya at\u0131lmaktansa kul\u00fcpte kalma karar\u0131nda \u0131srarc\u0131 oldu\u011fu s\u00f6z edildi.<\/p>\n<p> Barcelona&#8217;da bu d\u00f6nem 8 ma\u00e7a \u00e7\u0131kan Ansu Fati, 186 dakika alanda kald\u0131.<\/p>\n<p> Yeni piyasa k\u0131ymeti 10 milyon euro olarak g\u00f6sterilen Fati&#8217;nin Barcelona ile 2027 y\u0131l\u0131na kadar mukavelesi bulunuyor.<\/p>\n<\/div>\n<p><\/p>\n","protected":false},"excerpt":{"rendered":"<p>Be\u015fikta\u015f&#8217;\u0131n kiral\u0131k olarak tak\u0131m\u0131na katmak istedi\u011fi Ansu Fati, Barcelona&#8217;dan ayr\u0131lmay\u0131 ve siyah-beyazl\u0131lara transferi d\u00fc\u015f\u00fcnm\u00fcyor.<\/p>\n","protected":false},"author":1,"featured_media":17037,"comment_status":"open","ping_status":"open","sticky":false,"template":"","format":"standard","meta":{"footnotes":""},"categories":[25],"tags":[307,1236],"class_list":["post-17036","post","type-post","status-publish","format-standard","has-post-thumbnail","hentry","category-futbol","tag-barcelona","tag-fati"],"_links":{"self":[{"href":"https:\/\/haberbesiktas.tr\/index.php?rest_route=\/wp\/v2\/posts\/17036","targetHints":{"allow":["GET"]}}],"collection":[{"href":"https:\/\/haberbesiktas.tr\/index.php?rest_route=\/wp\/v2\/posts"}],"about":[{"href":"https:\/\/haberbesiktas.tr\/index.php?rest_route=\/wp\/v2\/types\/post"}],"author":[{"embeddable":true,"href":"https:\/\/haberbesiktas.tr\/index.php?rest_route=\/wp\/v2\/users\/1"}],"replies":[{"embeddable":true,"href":"https:\/\/haberbesiktas.tr\/index.php?rest_route=%2Fwp%2Fv2%2Fcomments&post=17036"}],"version-history":[{"count":1,"href":"https:\/\/haberbesiktas.tr\/index.php?rest_route=\/wp\/v2\/posts\/17036\/revisions"}],"predecessor-version":[{"id":17038,"href":"https:\/\/haberbesiktas.tr\/index.php?rest_route=\/wp\/v2\/posts\/17036\/revisions\/17038"}],"wp:featuredmedia":[{"embeddable":true,"href":"https:\/\/haberbesiktas.tr\/index.php?rest_route=\/wp\/v2\/media\/17037"}],"wp:attachment":[{"href":"https:\/\/haberbesiktas.tr\/index.php?rest_route=%2Fwp%2Fv2%2Fmedia&parent=17036"}],"wp:term":[{"taxonomy":"category","embeddable":true,"href":"https:\/\/haberbesiktas.tr\/index.php?rest_route=%2Fwp%2Fv2%2Fcategories&post=17036"},{"taxonomy":"post_tag","embeddable":true,"href":"https:\/\/haberbesiktas.tr\/index.php?rest_route=%2Fwp%2Fv2%2Ftags&post=17036"}],"curies":[{"name":"wp","href":"https:\/\/api.w.org\/{rel}","templated":true}]}}