{"id":17042,"date":"2025-04-08T04:24:07","date_gmt":"2025-04-08T04:24:07","guid":{"rendered":"https:\/\/haberbesiktas.tr\/?p=17042"},"modified":"2025-04-08T04:24:07","modified_gmt":"2025-04-08T04:24:07","slug":"umut-meras-besiktasa-kirginim","status":"publish","type":"post","link":"https:\/\/haberbesiktas.tr\/?p=17042","title":{"rendered":"Umut Mera\u015f: &#8220;Be\u015fikta\u015f&#8217;a k\u0131rg\u0131n\u0131m&#8221;"},"content":{"rendered":"<div>Ge\u00e7ti\u011fimiz d\u00f6nem Be\u015fikta\u015f&#8217;tan Ey\u00fcpspor&#8217;a transfer olan Umut Mera\u015f bu d\u00f6nem ortaya koydu\u011fu tesirli performansla isminden kelam ettiriyor.<\/p>\n<p> Siyah beyazl\u0131larda beklentilerden uzak bir grafik \u00e7izen ve Temmuz ay\u0131nda Ey\u00fcpspor&#8217;un yolunu tutan 29 ya\u015f\u0131ndaki oyuncu TRT Spor&#8217;a verdi\u011fi r\u00f6portajda eski grubuna sitem etti.<\/p>\n<p> Be\u015fikta\u015f&#8217;ta ge\u00e7irdi\u011fi periyodun \u00e7ok mak\u00fbs oldu\u011funu s\u00f6yleyen Mera\u015f, siyah beyazl\u0131lara k\u0131rg\u0131n oldu\u011funu belirtti.<\/p>\n<p> <strong>\u0130\u015fte Mera\u015f&#8217;\u0131n toplumsal medyada da g\u00fcndem olan o s\u00f6zleri:<\/strong><\/p>\n<p> &#8220;Be\u015fikta\u015f&#8217;a k\u0131rg\u0131n\u0131m. Ben Be\u015fikta\u015f&#8217;a geldi\u011fimde ulusal ekip oyuncusuydum. Be\u015fikta\u015f&#8217;ta bir sefer ulusal kadroya \u00e7a\u011fr\u0131lmad\u0131m.&#8221;<\/p>\n<p> <strong>&#8216;M\u0130LL\u0130 KADRO&#8217;YU KAYBETT\u0130M&#8217;<\/strong><\/p>\n<p> &#8221;\u0130lk d\u00f6nemimde 30&#8217;a yak\u0131n ma\u00e7 oynad\u0131m. \u015eampiyonlar Ligi&#8217;nde 6 ma\u00e7a \u00e7\u0131kt\u0131m. Faal bir ulusal ekip oyuncusuydum, Be\u015fikta\u015f&#8217;ta bir defa ulusal kadroya \u00e7a\u011fr\u0131lmad\u0131m. Ulusal kadrosu kaybettim. Zira Be\u015fikta\u015f&#8217;ta istedi\u011fim forma baht\u0131n\u0131 bulamad\u0131m.&#8221;<\/p>\n<p> &#8221;Be\u015fikta\u015f&#8217;ta ge\u00e7irdi\u011fim \u00fc\u00e7 sene \u00e7ok makus gitti. \u0130ki haftada bir hoca de\u011fi\u015ftiriyorduk. Ey\u00fcpspor&#8217;da kendimi buldum. Art\u0131k Be\u015fikta\u015fl\u0131lar, &#8216;Geri d\u00f6n&#8217; diye bana ileti at\u0131yorlar. O i\u015fler o denli olmuyor.&#8221;<\/p>\n<\/div>\n<p><\/p>\n","protected":false},"excerpt":{"rendered":"<p>Ey\u00fcpspor formas\u0131 giyen Umut Mera\u015f, eski ekibi Be\u015fikta\u015f&#8217;a k\u0131rg\u0131n oldu\u011funu s\u00f6yledi. Umut Mera\u015f, &#8220;\u015eimdi Be\u015fikta\u015fl\u0131lar, &#8216;Geri d\u00f6n&#8217; diye bana ileti at\u0131yorlar. O i\u015fler o denli olmuyor.&#8221; s\u00f6zlerini kulland\u0131.<\/p>\n","protected":false},"author":1,"featured_media":17043,"comment_status":"open","ping_status":"open","sticky":false,"template":"","format":"standard","meta":{"footnotes":""},"categories":[25],"tags":[610,145],"class_list":["post-17042","post","type-post","status-publish","format-standard","has-post-thumbnail","hentry","category-futbol","tag-besiktasta","tag-milli-takim"],"_links":{"self":[{"href":"https:\/\/haberbesiktas.tr\/index.php?rest_route=\/wp\/v2\/posts\/17042","targetHints":{"allow":["GET"]}}],"collection":[{"href":"https:\/\/haberbesiktas.tr\/index.php?rest_route=\/wp\/v2\/posts"}],"about":[{"href":"https:\/\/haberbesiktas.tr\/index.php?rest_route=\/wp\/v2\/types\/post"}],"author":[{"embeddable":true,"href":"https:\/\/haberbesiktas.tr\/index.php?rest_route=\/wp\/v2\/users\/1"}],"replies":[{"embeddable":true,"href":"https:\/\/haberbesiktas.tr\/index.php?rest_route=%2Fwp%2Fv2%2Fcomments&post=17042"}],"version-history":[{"count":1,"href":"https:\/\/haberbesiktas.tr\/index.php?rest_route=\/wp\/v2\/posts\/17042\/revisions"}],"predecessor-version":[{"id":17044,"href":"https:\/\/haberbesiktas.tr\/index.php?rest_route=\/wp\/v2\/posts\/17042\/revisions\/17044"}],"wp:featuredmedia":[{"embeddable":true,"href":"https:\/\/haberbesiktas.tr\/index.php?rest_route=\/wp\/v2\/media\/17043"}],"wp:attachment":[{"href":"https:\/\/haberbesiktas.tr\/index.php?rest_route=%2Fwp%2Fv2%2Fmedia&parent=17042"}],"wp:term":[{"taxonomy":"category","embeddable":true,"href":"https:\/\/haberbesiktas.tr\/index.php?rest_route=%2Fwp%2Fv2%2Fcategories&post=17042"},{"taxonomy":"post_tag","embeddable":true,"href":"https:\/\/haberbesiktas.tr\/index.php?rest_route=%2Fwp%2Fv2%2Ftags&post=17042"}],"curies":[{"name":"wp","href":"https:\/\/api.w.org\/{rel}","templated":true}]}}