{"id":17084,"date":"2025-04-08T07:12:06","date_gmt":"2025-04-08T07:12:06","guid":{"rendered":"https:\/\/haberbesiktas.tr\/?p=17084"},"modified":"2025-04-08T07:12:06","modified_gmt":"2025-04-08T07:12:06","slug":"konyaspor-kulubu-baskani-omer-korkmazdan-var-kararlarina-tepki","status":"publish","type":"post","link":"https:\/\/haberbesiktas.tr\/?p=17084","title":{"rendered":"Konyaspor Kul\u00fcb\u00fc Ba\u015fkan\u0131 \u00d6mer Korkmaz&#8217;dan VAR kararlar\u0131na tepki"},"content":{"rendered":"<div>\n<p>Trendyol S\u00fcper Lig ekiplerinden T\u00dcMOSAN Konyaspor&#8217;un Ba\u015fkan\u0131 \u00d6mer Korkmaz, 23. haftada, deplasmanda 3-2 yenildikleri Bellona Kayserispor ma\u00e7\u0131nda, att\u0131klar\u0131 \u00fc\u00e7\u00fcn gol\u00fcn ofsayt gerek\u00e7esiyle iptal edilmesine ait VAR karar\u0131na reaksiyon g\u00f6sterdi.\u00a0<\/p>\n<p> Konyaspor idaresinin Kayac\u0131k Tesisleri&#8217;nde, teknik heyet, futbolcular ve vilayet protokol\u00fcn\u00fcn i\u015ftirakiyle ger\u00e7ekle\u015ftirdi\u011fi toplant\u0131da, Kayserispor ma\u00e7\u0131nda ya\u015fananlar, sonras\u0131ndaki geli\u015fmeler ve at\u0131lacak ad\u0131mlar de\u011ferlendirildi.\u00a0<\/p>\n<p> T\u00dcMOSAN Konyaspor Ba\u015fkan\u0131 \u00d6mer Korkmaz, toplant\u0131n\u0131n akabinde gazetecilere yapt\u0131\u011f\u0131 a\u00e7\u0131klamada, kul\u00fcb\u00fcn hakk\u0131n\u0131 her platformda canla ba\u015fla savunacaklar\u0131n\u0131 s\u00f6yledi.<\/p>\n<p> Kayserispor ma\u00e7\u0131nda ya\u015fananlar\u0131n akabinde t\u00fcm kentin kenetlendi\u011fini vurgulayan Korkmaz,<strong> &#8220;Psikolojik olarak etkilendi\u011fimiz devirlerden ge\u00e7iyoruz. Oyuncu k\u00fcmemiz, teknik heyetimiz, devir d\u00f6nem bizler, alanda de\u011fil, masada kaybetti\u011fimiz fikriyle, moral motivasyon bozuklu\u011funa giriyoruz. Bug\u00fcn kentimizin b\u00fcy\u00fckleri, sa\u011f olsunlar burada kentimizin, kul\u00fcb\u00fcm\u00fcz\u00fcn ne kadar b\u00fcy\u00fck bir aile oldu\u011funu, ne kadar g\u00fc\u00e7l\u00fc oldu\u011fumuzu bize hissettirdiler.&#8221;<\/strong> diye konu\u015ftu.<\/p>\n<p> <strong>&#8211; &#8220;Oyuncular\u0131m\u0131z\u0131n gayretini, al\u0131n terini sonuna kadar koruyaca\u011f\u0131z&#8221;<\/strong><\/p>\n<p> <strong><em>\u00d6mer Korkmaz, son vakitlerde Konyaspor aleyhine hakem kusurlar\u0131n\u0131n artarak devam etti\u011fini savunarak, \u015funlar\u0131 kaydetti:<\/em><\/strong><\/p>\n<p> &#8220;Kayserispor ma\u00e7\u0131yla art\u0131k bu berbat sinema, senaryo, g\u00f6zler \u00f6n\u00fcne serildi. Buna her mecrada gerekli yans\u0131y\u0131 verdik. T\u00fcrkiye Futbol Federasyonuyla bu s\u00fcre\u00e7te daima irtibatta kald\u0131k. Bu mevzuda kimler kusurluysa gerekli cezalar\u0131n verilece\u011fini, hatta bu cezalar\u0131 birlikte organize edebilece\u011fimizi konu\u015ftuk. Bu noktada anla\u015ft\u0131k. \u00c7ar\u015famba g\u00fcn\u00fc TFF liderimizle Riva&#8217;da bu bahisle alakal\u0131 bir toplan ger\u00e7ekle\u015ftirece\u011fiz. Orada ne olduysa, her an, her saniye, ne konu\u015fulmu\u015fsa \u00f6\u011frenip oyuncular\u0131m\u0131z\u0131n gayretini, al\u0131n terini sonuna kadar koruyaca\u011f\u0131z.&#8221;<\/p>\n<p> Alanda kazand\u0131klar\u0131n\u0131, masada kaybetmemek i\u00e7in u\u011fra\u015f ettiklerini anlatan Korkmaz,<strong> &#8220;Teknik heyetimizin, oyuncular\u0131m\u0131z\u0131n bir hafta boyunca haz\u0131rland\u0131klar\u0131 ma\u00e7\u0131n, masada kaybedilmesine asla m\u00fcsaade etmeyece\u011fiz. Burada, Konyaspor&#8217;umuzun, alandaki \u00e7abas\u0131n\u0131n haricinde, saha d\u0131\u015f\u0131nda haks\u0131zl\u0131\u011fa u\u011framas\u0131n\u0131 asla kabul etmeyen bir topluluk var. Oyuncular\u0131m\u0131za da a\u00e7\u0131k bir bildiri vermek istiyorum. Periyot devir alanda kazand\u0131klar\u0131 ma\u00e7lar\u0131, saha d\u0131\u015f\u0131nda kaybettikleri alg\u0131s\u0131 onlarda da olu\u015fabiliyor. Onlar daha da b\u00fcy\u00fck gayret g\u00f6stersinler. Bu t\u00fcrl\u00fc bir \u015feyle asla kar\u015f\u0131la\u015fmayacaklar\u0131n\u0131, herkesin huzurunda s\u00f6ylemek istiyorum.&#8221;<\/strong> de\u011ferlendirmesinde bulundu.<\/p>\n<p> <strong>&#8211; &#8220;Art\u0131k futbolun pak oldu\u011fuyla ilgili herkesin kanaati sorgulanmaya ba\u015flad\u0131&#8221;<\/strong><\/p>\n<p> Konya B\u00fcy\u00fck\u015fehir Belediye Ba\u015fkan\u0131 U\u011fur \u0130brahim Altay ise futbolda sonu\u00e7lar\u0131n, alanda al\u0131n teri d\u00f6k\u00fclerek al\u0131nmas\u0131 gerekti\u011fini savunduklar\u0131n\u0131 tabir etti.<\/p>\n<p> Kas\u0131tl\u0131 yan\u0131lg\u0131larla puanlar kaybetmenin kederini ya\u015fad\u0131klar\u0131na de\u011finen Altay, <strong>&#8220;Maalesef ki bu y\u0131l \u00e7ok fazla say\u0131da kusur g\u00f6rd\u00fck. Art\u0131k futbolun pak oldu\u011fuyla ilgili herkesin kanaati sorgulanmaya ba\u015flad\u0131. Biz de bu k\u00fcmenin i\u00e7indeyiz. \u015eayet \u015fampiyon ve d\u00fc\u015fecek kadrolar belirliyse o vakit Anadolu kul\u00fcplerinin bu kadar u\u011fra\u015f etmesine gerek yok. Asl\u0131nda gruplar ortas\u0131nda harikulade bir mali farkl\u0131l\u0131k var. Bu \u00e7abay\u0131 \u00e7ok zorla\u015ft\u0131r\u0131yor. Bu sorun yaln\u0131zca Konyaspor&#8217;un sorunu degil. Anadolu gruplar\u0131n\u0131n ya\u015fad\u0131klar\u0131n\u0131n duyulmas\u0131 ve adaletli bir idarenin sa\u011flanmas\u0131n\u0131 istiyoruz.&#8221;<\/strong> diye konu\u015ftu.<\/p>\n<p> AK Parti Konya Milletvekili Mustafa Hakan \u00d6zer de toplant\u0131ya kat\u0131lan milletvekilleri ismine bir a\u00e7\u0131klamada bulundu.<\/p>\n<p> Toplant\u0131ya, Konya Valisi \u0130brahim Ak\u0131n, AK Parti Konya Milletvekili Mehmet Baykan, CHP Konya Milletvekili Bar\u0131\u015f Bekta\u015f, MHP Konya Milletvekili Konur Alp Ko\u00e7ak, merkez il\u00e7elerin belediye ba\u015fkanlar\u0131, AK Parti Vilayet Lideri Fatih \u00d6zg\u00f6k\u00e7en, MHP \u0130l Ba\u015fkan\u0131 Remzi Karaarslan kat\u0131ld\u0131.<\/p>\n<\/div>\n<p><\/p>\n","protected":false},"excerpt":{"rendered":"<p>T\u00dcMOSAN Konyaspor Ba\u015fkan\u0131 \u00d6mer Korkmaz, Kayserispor ma\u00e7\u0131nda iptal edilen gol ve hakem kararlar\u0131na sert reaksiyon g\u00f6sterdi.<\/p>\n","protected":false},"author":1,"featured_media":17085,"comment_status":"open","ping_status":"open","sticky":false,"template":"","format":"standard","meta":{"footnotes":""},"categories":[25],"tags":[171,183,600,601,354],"class_list":["post-17084","post","type-post","status-publish","format-standard","has-post-thumbnail","hentry","category-futbol","tag-baskani","tag-konya","tag-konyaspor","tag-mucadele","tag-toplan"],"_links":{"self":[{"href":"https:\/\/haberbesiktas.tr\/index.php?rest_route=\/wp\/v2\/posts\/17084","targetHints":{"allow":["GET"]}}],"collection":[{"href":"https:\/\/haberbesiktas.tr\/index.php?rest_route=\/wp\/v2\/posts"}],"about":[{"href":"https:\/\/haberbesiktas.tr\/index.php?rest_route=\/wp\/v2\/types\/post"}],"author":[{"embeddable":true,"href":"https:\/\/haberbesiktas.tr\/index.php?rest_route=\/wp\/v2\/users\/1"}],"replies":[{"embeddable":true,"href":"https:\/\/haberbesiktas.tr\/index.php?rest_route=%2Fwp%2Fv2%2Fcomments&post=17084"}],"version-history":[{"count":1,"href":"https:\/\/haberbesiktas.tr\/index.php?rest_route=\/wp\/v2\/posts\/17084\/revisions"}],"predecessor-version":[{"id":17086,"href":"https:\/\/haberbesiktas.tr\/index.php?rest_route=\/wp\/v2\/posts\/17084\/revisions\/17086"}],"wp:featuredmedia":[{"embeddable":true,"href":"https:\/\/haberbesiktas.tr\/index.php?rest_route=\/wp\/v2\/media\/17085"}],"wp:attachment":[{"href":"https:\/\/haberbesiktas.tr\/index.php?rest_route=%2Fwp%2Fv2%2Fmedia&parent=17084"}],"wp:term":[{"taxonomy":"category","embeddable":true,"href":"https:\/\/haberbesiktas.tr\/index.php?rest_route=%2Fwp%2Fv2%2Fcategories&post=17084"},{"taxonomy":"post_tag","embeddable":true,"href":"https:\/\/haberbesiktas.tr\/index.php?rest_route=%2Fwp%2Fv2%2Ftags&post=17084"}],"curies":[{"name":"wp","href":"https:\/\/api.w.org\/{rel}","templated":true}]}}