{"id":17087,"date":"2025-04-08T07:24:07","date_gmt":"2025-04-08T07:24:07","guid":{"rendered":"https:\/\/haberbesiktas.tr\/?p=17087"},"modified":"2025-04-08T07:24:07","modified_gmt":"2025-04-08T07:24:07","slug":"senol-gunes-arda-turan-turkiyenin-en-iyilerinden-birisi","status":"publish","type":"post","link":"https:\/\/haberbesiktas.tr\/?p=17087","title":{"rendered":"\u015eenol G\u00fcne\u015f: &#8220;Arda Turan, T\u00fcrkiye&#8217;nin en iyilerinden birisi&#8221;"},"content":{"rendered":"<div>Trabzonspor Teknik Y\u00f6neticisi \u015eenol G\u00fcne\u015f, Ey\u00fcpspor ma\u00e7\u0131 \u00f6ncesinde a\u00e7\u0131klamalarda bulundu.<\/p>\n<p>Kadroya yap\u0131lan desteklere de\u011finen G\u00fcne\u015f, <span><strong>&#8220;\u0130lk 11&#8217;imiz bu sezon gelen oyunculardan kurulu genelde, yeni bir tak\u0131m kurmaya \u00e7al\u0131\u015f\u0131yoruz. Yava\u015f yava\u015f d\u00fczeltmeye \u00e7al\u0131\u015f\u0131yoruz. Atakta elimizdeki imkanlar artt\u0131. Mendy&#8217;nin eksikli\u011fi sebebiyle bir de\u011fi\u015fikli\u011fe gittik, Mo&#8217;yu oraya al\u0131\u015ft\u0131rmaya \u00e7al\u0131\u015f\u0131yoruz. Oyun olarak daha g\u00fczele gidiyoruz lakin k\u00e2fi de\u011fil. Her alana \u00e7\u0131kt\u0131\u011f\u0131m\u0131zda rakibimize \u00fcst\u00fcnl\u00fck kurmam\u0131z laz\u0131m. Futbol oynuyoruz, alanda kalmaya \u00e7al\u0131\u015f\u0131yoruz.&#8221;<\/strong> dedi.<\/p>\n<p><strong>&#8220;ARDA TURAN EN D\u00dcZG\u00dcNLERDEN B\u0130R\u0130S\u0130&#8221;<\/p>\n<p><\/strong>Ey\u00fcpspor Teknik Y\u00f6neticisi Arda Turan hakk\u0131nda konu\u015fan G\u00fcne\u015f,<strong> &#8220;<span>Arda Hoca, oyuncuyken T\u00fcrkiye&#8217;nin en yeterli oyuncular\u0131ndan biriydi, hoca olarak da T\u00fcrkiye&#8217;nin en uygun hocalar\u0131ndan birisi oldu\u011funu d\u00fc\u015f\u00fcn\u00fcyorum. Ligin en az gol yiyen grubu ile oynayaca\u011f\u0131z, Berke \u00e7ok yeterli d\u00f6nem ge\u00e7iriyor. Bulunduklar\u0131 yeri hak ettiklerini d\u00fc\u015f\u00fcn\u00fcyorum. Biz de olmamam\u0131z gereken bir yerdeyiz, g\u00fc\u00e7 bir ma\u00e7 olacak.&#8221; <\/span><\/strong>ifadelerini kulland\u0131.<\/span><\/div>\n<p><\/p>\n","protected":false},"excerpt":{"rendered":"<p>Trabzonspor Teknik Y\u00f6neticisi \u015eenol G\u00fcne\u015f, Ey\u00fcpspor ma\u00e7\u0131 \u00f6ncesinde a\u00e7\u0131klamalarda bulundu.<\/p>\n","protected":false},"author":1,"featured_media":17088,"comment_status":"open","ping_status":"open","sticky":false,"template":"","format":"standard","meta":{"footnotes":""},"categories":[25],"tags":[],"class_list":["post-17087","post","type-post","status-publish","format-standard","has-post-thumbnail","hentry","category-futbol"],"_links":{"self":[{"href":"https:\/\/haberbesiktas.tr\/index.php?rest_route=\/wp\/v2\/posts\/17087","targetHints":{"allow":["GET"]}}],"collection":[{"href":"https:\/\/haberbesiktas.tr\/index.php?rest_route=\/wp\/v2\/posts"}],"about":[{"href":"https:\/\/haberbesiktas.tr\/index.php?rest_route=\/wp\/v2\/types\/post"}],"author":[{"embeddable":true,"href":"https:\/\/haberbesiktas.tr\/index.php?rest_route=\/wp\/v2\/users\/1"}],"replies":[{"embeddable":true,"href":"https:\/\/haberbesiktas.tr\/index.php?rest_route=%2Fwp%2Fv2%2Fcomments&post=17087"}],"version-history":[{"count":1,"href":"https:\/\/haberbesiktas.tr\/index.php?rest_route=\/wp\/v2\/posts\/17087\/revisions"}],"predecessor-version":[{"id":17089,"href":"https:\/\/haberbesiktas.tr\/index.php?rest_route=\/wp\/v2\/posts\/17087\/revisions\/17089"}],"wp:featuredmedia":[{"embeddable":true,"href":"https:\/\/haberbesiktas.tr\/index.php?rest_route=\/wp\/v2\/media\/17088"}],"wp:attachment":[{"href":"https:\/\/haberbesiktas.tr\/index.php?rest_route=%2Fwp%2Fv2%2Fmedia&parent=17087"}],"wp:term":[{"taxonomy":"category","embeddable":true,"href":"https:\/\/haberbesiktas.tr\/index.php?rest_route=%2Fwp%2Fv2%2Fcategories&post=17087"},{"taxonomy":"post_tag","embeddable":true,"href":"https:\/\/haberbesiktas.tr\/index.php?rest_route=%2Fwp%2Fv2%2Ftags&post=17087"}],"curies":[{"name":"wp","href":"https:\/\/api.w.org\/{rel}","templated":true}]}}