{"id":17093,"date":"2025-04-08T07:48:06","date_gmt":"2025-04-08T07:48:06","guid":{"rendered":"https:\/\/haberbesiktas.tr\/?p=17093"},"modified":"2025-04-08T07:48:06","modified_gmt":"2025-04-08T07:48:06","slug":"ugurcan-cakir-thiama-penaltida-gecit-vermedi","status":"publish","type":"post","link":"https:\/\/haberbesiktas.tr\/?p=17093","title":{"rendered":"U\u011furcan \u00c7ak\u0131r, Thiam&#8217;a penalt\u0131da ge\u00e7it vermedi"},"content":{"rendered":"<div>Trabzonspor &#8211; Ey\u00fcpspor ma\u00e7\u0131n\u0131n 5. dakikas\u0131nda Ey\u00fcpspor penalt\u0131 kazand\u0131.<\/p>\n<p>Ey\u00fcpspor&#8217;un 3. dakikada kulland\u0131\u011f\u0131 k\u00f6\u015fe vuru\u015funda Simon Banza&#8217;n\u0131n Ruben Vezo&#8217;ya yapt\u0131\u011f\u0131 m\u00fcdahale m\u00fcdahale sonras\u0131 hakem Mehmet T\u00fcrkmen, VAR taraf\u0131ndan potansiyel penalt\u0131 i\u00e7in VAR monit\u00f6r\u00fcne davet edildi.<\/p>\n<p>Pozisyonu izledikten sonra penalt\u0131 noktas\u0131n\u0131 i\u015faret eden T\u00fcrkmen, Banza&#8217;ya ise rastgele bir kart g\u00f6stermedi.<\/p>\n<p>Topun ba\u015f\u0131na ge\u00e7en Mame Thiam&#8217;\u0131n 7. dakikada yapt\u0131\u011f\u0131 penalt\u0131 vuru\u015funda U\u011furcan \u00c7ak\u0131r k\u00f6\u015feyi ger\u00e7ek kestirim etti ve penalt\u0131 at\u0131\u015f\u0131n\u0131 kurtard\u0131.<\/p><\/div>\n<p><\/p>\n","protected":false},"excerpt":{"rendered":"<p>Trabzonspor &#8211; Ey\u00fcpspor ma\u00e7\u0131nda U\u011furcan \u00c7ak\u0131r, Mame Thiam&#8217;\u0131n kulland\u0131\u011f\u0131 penalt\u0131y\u0131 kurtard\u0131.<\/p>\n","protected":false},"author":1,"featured_media":17094,"comment_status":"open","ping_status":"open","sticky":false,"template":"","format":"standard","meta":{"footnotes":""},"categories":[25],"tags":[303],"class_list":["post-17093","post","type-post","status-publish","format-standard","has-post-thumbnail","hentry","category-futbol","tag-penalti"],"_links":{"self":[{"href":"https:\/\/haberbesiktas.tr\/index.php?rest_route=\/wp\/v2\/posts\/17093","targetHints":{"allow":["GET"]}}],"collection":[{"href":"https:\/\/haberbesiktas.tr\/index.php?rest_route=\/wp\/v2\/posts"}],"about":[{"href":"https:\/\/haberbesiktas.tr\/index.php?rest_route=\/wp\/v2\/types\/post"}],"author":[{"embeddable":true,"href":"https:\/\/haberbesiktas.tr\/index.php?rest_route=\/wp\/v2\/users\/1"}],"replies":[{"embeddable":true,"href":"https:\/\/haberbesiktas.tr\/index.php?rest_route=%2Fwp%2Fv2%2Fcomments&post=17093"}],"version-history":[{"count":1,"href":"https:\/\/haberbesiktas.tr\/index.php?rest_route=\/wp\/v2\/posts\/17093\/revisions"}],"predecessor-version":[{"id":17095,"href":"https:\/\/haberbesiktas.tr\/index.php?rest_route=\/wp\/v2\/posts\/17093\/revisions\/17095"}],"wp:featuredmedia":[{"embeddable":true,"href":"https:\/\/haberbesiktas.tr\/index.php?rest_route=\/wp\/v2\/media\/17094"}],"wp:attachment":[{"href":"https:\/\/haberbesiktas.tr\/index.php?rest_route=%2Fwp%2Fv2%2Fmedia&parent=17093"}],"wp:term":[{"taxonomy":"category","embeddable":true,"href":"https:\/\/haberbesiktas.tr\/index.php?rest_route=%2Fwp%2Fv2%2Fcategories&post=17093"},{"taxonomy":"post_tag","embeddable":true,"href":"https:\/\/haberbesiktas.tr\/index.php?rest_route=%2Fwp%2Fv2%2Ftags&post=17093"}],"curies":[{"name":"wp","href":"https:\/\/api.w.org\/{rel}","templated":true}]}}