{"id":17099,"date":"2025-04-08T08:12:09","date_gmt":"2025-04-08T08:12:09","guid":{"rendered":"https:\/\/haberbesiktas.tr\/?p=17099"},"modified":"2025-04-08T08:12:09","modified_gmt":"2025-04-08T08:12:09","slug":"besiktastan-stoper-hamlesi-arda-unyay","status":"publish","type":"post","link":"https:\/\/haberbesiktas.tr\/?p=17099","title":{"rendered":"Be\u015fikta\u015f&#8217;tan stoper hamlesi: Arda \u00dcnyay"},"content":{"rendered":"<div>Transferde hareketli g\u00fcnler ya\u015fayan Be\u015fikta\u015f&#8217;ta yeni bir geli\u015fme ya\u015fand\u0131.<\/p>\n<p>TRT Spor&#8217;un haberine nazaran; Be\u015fikta\u015f, Ankarag\u00fcc\u00fc&#8217;nde forma giyen 18 ya\u015f\u0131ndaki stoper Arda \u00dcnyay&#8217;\u0131 g\u00fcndemine ald\u0131.<\/p>\n<p><strong>\u015eARTLARI SORULDU<\/strong><\/p>\n<div>Habere nazaran; Be\u015fikta\u015f,\u00a0<span>gen\u00e7 stoperin transferi i\u00e7in MKE Ankarag\u00fcc\u00fc ile g\u00f6r\u00fc\u015fmelere ba\u015flad\u0131 ve oyuncunun kaidelerini sordu.<\/p>\n<p>18 ya\u015f\u0131ndaki gen\u00e7 stoper, bu d\u00f6nem Ankarag\u00fcc\u00fc ile 4 resmi ma\u00e7ta alana \u00e7\u0131kt\u0131. Arda \u00dcnyay, T\u00fcrkiye U19 Ulusal Kadrosu&#8217;nda da forma giyiyor.<\/span><\/div>\n<\/div>\n<p><\/p>\n","protected":false},"excerpt":{"rendered":"<p>Be\u015fikta\u015f, Ankarag\u00fcc\u00fc&#8217;nde forma giyen 18 ya\u015f\u0131ndaki stoper Arda \u00dcnyay&#8217;\u0131 g\u00fcndemine ald\u0131.<\/p>\n","protected":false},"author":1,"featured_media":17100,"comment_status":"open","ping_status":"open","sticky":false,"template":"","format":"standard","meta":{"footnotes":""},"categories":[25],"tags":[],"class_list":["post-17099","post","type-post","status-publish","format-standard","has-post-thumbnail","hentry","category-futbol"],"_links":{"self":[{"href":"https:\/\/haberbesiktas.tr\/index.php?rest_route=\/wp\/v2\/posts\/17099","targetHints":{"allow":["GET"]}}],"collection":[{"href":"https:\/\/haberbesiktas.tr\/index.php?rest_route=\/wp\/v2\/posts"}],"about":[{"href":"https:\/\/haberbesiktas.tr\/index.php?rest_route=\/wp\/v2\/types\/post"}],"author":[{"embeddable":true,"href":"https:\/\/haberbesiktas.tr\/index.php?rest_route=\/wp\/v2\/users\/1"}],"replies":[{"embeddable":true,"href":"https:\/\/haberbesiktas.tr\/index.php?rest_route=%2Fwp%2Fv2%2Fcomments&post=17099"}],"version-history":[{"count":1,"href":"https:\/\/haberbesiktas.tr\/index.php?rest_route=\/wp\/v2\/posts\/17099\/revisions"}],"predecessor-version":[{"id":17101,"href":"https:\/\/haberbesiktas.tr\/index.php?rest_route=\/wp\/v2\/posts\/17099\/revisions\/17101"}],"wp:featuredmedia":[{"embeddable":true,"href":"https:\/\/haberbesiktas.tr\/index.php?rest_route=\/wp\/v2\/media\/17100"}],"wp:attachment":[{"href":"https:\/\/haberbesiktas.tr\/index.php?rest_route=%2Fwp%2Fv2%2Fmedia&parent=17099"}],"wp:term":[{"taxonomy":"category","embeddable":true,"href":"https:\/\/haberbesiktas.tr\/index.php?rest_route=%2Fwp%2Fv2%2Fcategories&post=17099"},{"taxonomy":"post_tag","embeddable":true,"href":"https:\/\/haberbesiktas.tr\/index.php?rest_route=%2Fwp%2Fv2%2Ftags&post=17099"}],"curies":[{"name":"wp","href":"https:\/\/api.w.org\/{rel}","templated":true}]}}