{"id":17102,"date":"2025-04-08T08:24:07","date_gmt":"2025-04-08T08:24:07","guid":{"rendered":"https:\/\/haberbesiktas.tr\/?p=17102"},"modified":"2025-04-08T08:24:07","modified_gmt":"2025-04-08T08:24:07","slug":"fenerbahceden-derbi-karari","status":"publish","type":"post","link":"https:\/\/haberbesiktas.tr\/?p=17102","title":{"rendered":"Fenerbah\u00e7e&#8217;den derbi karar\u0131!"},"content":{"rendered":"<div>S\u00fcper Lig&#8217;de tepe \u00e7abas\u0131 i\u00e7in kilit ma\u00e7 olarak g\u00f6r\u00fclen Galatasaray &#8211; Fenerbah\u00e7e ma\u00e7\u0131 i\u00e7in yeni bir geli\u015fme ya\u015fand\u0131.<\/p>\n<p>Ekol TV&#8217;nin haberine g\u00f6re; Fenerbah\u00e7e Kul\u00fcb\u00fc, dev derbi \u00f6ncesinde T\u00fcrkiye Futbol Federasyonu&#8217;na rastgele bir erteleme talebinde bulunmay\u0131 d\u00fc\u015f\u00fcnm\u00fcyor.<\/p>\n<p><strong>F\u0130KST\u00dcR SIKI\u015eIK<\/strong><\/p>\n<p>S\u00fcper Lig&#8217;in 25. haftas\u0131nda oynanacak dev derbi \u00f6ncesindeki per\u015fembe g\u00fcn\u00fc hem Galatasaray hem de Fenerbah\u00e7e, UEFA Avrupa Ligi play-off cinsinin r\u00f6van\u015f ma\u00e7lar\u0131n\u0131 oynayacak. <\/p>\n<p>Galatasaray derbi \u00f6ncesi per\u015fembe g\u00fcn\u00fc saat 20.45&#8217;te meskeninde AZ Alkmaar ile kar\u015f\u0131la\u015f\u0131rken, Fenerbah\u00e7e t\u0131pk\u0131 g\u00fcn deplasmanda saat 23.00&#8217;te Anderlecht deplasman\u0131nda alana \u00e7\u0131kacak.<\/p>\n<p>\u00d6te yandan iki grubun de derbi sonras\u0131ndaki hafta i\u00e7inde T\u00fcrkiye Kupas\u0131&#8217;nda ma\u00e7lar\u0131 bulunuyor.<\/p><\/div>\n<p><\/p>\n","protected":false},"excerpt":{"rendered":"<p>Fenerbah\u00e7e Kul\u00fcb\u00fc, Galatasaray derbisi i\u00e7in rastgele bir erteleme talebinde bulunmama karar\u0131 ald\u0131.<\/p>\n","protected":false},"author":1,"featured_media":17103,"comment_status":"open","ping_status":"open","sticky":false,"template":"","format":"standard","meta":{"footnotes":""},"categories":[25],"tags":[],"class_list":["post-17102","post","type-post","status-publish","format-standard","has-post-thumbnail","hentry","category-futbol"],"_links":{"self":[{"href":"https:\/\/haberbesiktas.tr\/index.php?rest_route=\/wp\/v2\/posts\/17102","targetHints":{"allow":["GET"]}}],"collection":[{"href":"https:\/\/haberbesiktas.tr\/index.php?rest_route=\/wp\/v2\/posts"}],"about":[{"href":"https:\/\/haberbesiktas.tr\/index.php?rest_route=\/wp\/v2\/types\/post"}],"author":[{"embeddable":true,"href":"https:\/\/haberbesiktas.tr\/index.php?rest_route=\/wp\/v2\/users\/1"}],"replies":[{"embeddable":true,"href":"https:\/\/haberbesiktas.tr\/index.php?rest_route=%2Fwp%2Fv2%2Fcomments&post=17102"}],"version-history":[{"count":1,"href":"https:\/\/haberbesiktas.tr\/index.php?rest_route=\/wp\/v2\/posts\/17102\/revisions"}],"predecessor-version":[{"id":17104,"href":"https:\/\/haberbesiktas.tr\/index.php?rest_route=\/wp\/v2\/posts\/17102\/revisions\/17104"}],"wp:featuredmedia":[{"embeddable":true,"href":"https:\/\/haberbesiktas.tr\/index.php?rest_route=\/wp\/v2\/media\/17103"}],"wp:attachment":[{"href":"https:\/\/haberbesiktas.tr\/index.php?rest_route=%2Fwp%2Fv2%2Fmedia&parent=17102"}],"wp:term":[{"taxonomy":"category","embeddable":true,"href":"https:\/\/haberbesiktas.tr\/index.php?rest_route=%2Fwp%2Fv2%2Fcategories&post=17102"},{"taxonomy":"post_tag","embeddable":true,"href":"https:\/\/haberbesiktas.tr\/index.php?rest_route=%2Fwp%2Fv2%2Ftags&post=17102"}],"curies":[{"name":"wp","href":"https:\/\/api.w.org\/{rel}","templated":true}]}}