{"id":17119,"date":"2025-04-08T09:24:08","date_gmt":"2025-04-08T09:24:08","guid":{"rendered":"https:\/\/haberbesiktas.tr\/?p=17119"},"modified":"2025-04-08T09:24:08","modified_gmt":"2025-04-08T09:24:08","slug":"senol-gunesten-transfer-aciklamasi","status":"publish","type":"post","link":"https:\/\/haberbesiktas.tr\/?p=17119","title":{"rendered":"\u015eenol G\u00fcne\u015f&#8217;ten transfer a\u00e7\u0131klamas\u0131!"},"content":{"rendered":"<div>\n<p>Trabzonspor&#8217;un deneyimli \u00e7al\u0131\u015ft\u0131r\u0131c\u0131s\u0131 \u015eenol G\u00fcne\u015f, alanlar\u0131nda Ey\u00fcpspor&#8217;u 1-0 ma\u011flup ettikleri m\u00fcsabakan\u0131n akabinde a\u00e7\u0131klamalarda bulundu.\u00a0<\/p>\n<p> \u00c7abay\u0131 pahaland\u0131ran G\u00fcne\u015f, <strong>&#8220;S\u00fcrekli d\u00fczg\u00fcn oynamak istiyoruz ancak oyuna o denli ba\u015flayamad\u0131k. Rakip oyunu denetim etti. Mak\u00fbs ba\u015flad\u0131k lakin uygun bitirdik. Son k\u0131s\u0131mlarda \u00e7ok daha dikkatliydik. \u0130kinci gol\u00fc de bulabilirdik. Konumlar bulduk fakat rakip topu yeterli kulland\u0131 birinci yar\u0131da, sahay\u0131 g\u00fczel parsellediler. Oyuncular\u0131m\u0131n emekleri i\u00e7in te\u015fekk\u00fcr ediyorum. Kazanmam\u0131z gereken bir ma\u00e7t\u0131, memnunuz.&#8221;<\/strong> dedi.\u00a0<\/p>\n<p> Zubkov&#8217;u merkeze alarak ba\u015flad\u0131klar\u0131n\u0131 lakin kar\u015f\u0131lamada sorun ya\u015fad\u0131klar\u0131n\u0131 belirterek teknik adam, <strong>&#8220;Zubi&#8217;yi ortaya ald\u0131m en ba\u015fta lakin kar\u015f\u0131lamada zahmet \u00e7ektik. Tekrar eski sistemimize d\u00f6nmek zorunda kald\u0131k. Zubkov \u00e7ok de\u011ferli bir oyuncu, bize \u00e7ok \u015fey katacaklar. Tony ve Visca \u00e7ok de\u011ferli, deneyimli oyuncular. Dany Sikan \u00e7ok de\u011ferli oyuncu, atakta opsiyonlar\u0131m\u0131z \u00e7o\u011fald\u0131. Daima geride kalan bir kadro olarak bir sab\u0131rs\u0131zl\u0131k var.&#8221;<\/strong> s\u00f6zlerini kulland\u0131.<\/p>\n<p> 72 ya\u015f\u0131ndaki \u00e7al\u0131\u015ft\u0131r\u0131c\u0131 son olarak tak\u0131ma katmak istedikleri oyuncularla ilgili badireler ya\u015fad\u0131klar\u0131n\u0131 belirterek,<strong>&#8220;Almak istedi\u011fimiz gen\u00e7 ve bize katk\u0131 sa\u011flayacak oyuncular vard\u0131, zahmet oldu. Atakta bir beklentimiz yok, ortada bir beklentimiz vard\u0131. Yeni bir ekibiz esasen, alaca\u011f\u0131m\u0131z oyuncunun bize katk\u0131 sa\u011flamas\u0131 laz\u0131m, o da \u00e7ok de\u011ferli. Defansta da bize alternatif olacak bir isim olabilirdi. Savic ve Arseniy yeni bir ortaya geldiler. Oraya alabilece\u011fimiz oyuncu \u00e7ok maliyetli olur, biz bunu alamay\u0131z. Savunma esasen b\u00fcsb\u00fct\u00fcn yeni. Gidenler de olabilir, transfer bir sonu\u00e7tur. Bakaca\u011f\u0131z.&#8221;<\/strong> s\u00f6zleriyle kelamlar\u0131n\u0131 noktalad\u0131.<\/p>\n<\/div>\n<p><\/p>\n","protected":false},"excerpt":{"rendered":"<p>Trabzonspor teknik y\u00f6neticisi \u015eenol G\u00fcne\u015f, Ey\u00fcpspor ma\u00e7\u0131n\u0131n akabinde konu\u015ftu.<\/p>\n","protected":false},"author":1,"featured_media":17120,"comment_status":"open","ping_status":"open","sticky":false,"template":"","format":"standard","meta":{"footnotes":""},"categories":[25],"tags":[49],"class_list":["post-17119","post","type-post","status-publish","format-standard","has-post-thumbnail","hentry","category-futbol","tag-oyuncu"],"_links":{"self":[{"href":"https:\/\/haberbesiktas.tr\/index.php?rest_route=\/wp\/v2\/posts\/17119","targetHints":{"allow":["GET"]}}],"collection":[{"href":"https:\/\/haberbesiktas.tr\/index.php?rest_route=\/wp\/v2\/posts"}],"about":[{"href":"https:\/\/haberbesiktas.tr\/index.php?rest_route=\/wp\/v2\/types\/post"}],"author":[{"embeddable":true,"href":"https:\/\/haberbesiktas.tr\/index.php?rest_route=\/wp\/v2\/users\/1"}],"replies":[{"embeddable":true,"href":"https:\/\/haberbesiktas.tr\/index.php?rest_route=%2Fwp%2Fv2%2Fcomments&post=17119"}],"version-history":[{"count":1,"href":"https:\/\/haberbesiktas.tr\/index.php?rest_route=\/wp\/v2\/posts\/17119\/revisions"}],"predecessor-version":[{"id":17121,"href":"https:\/\/haberbesiktas.tr\/index.php?rest_route=\/wp\/v2\/posts\/17119\/revisions\/17121"}],"wp:featuredmedia":[{"embeddable":true,"href":"https:\/\/haberbesiktas.tr\/index.php?rest_route=\/wp\/v2\/media\/17120"}],"wp:attachment":[{"href":"https:\/\/haberbesiktas.tr\/index.php?rest_route=%2Fwp%2Fv2%2Fmedia&parent=17119"}],"wp:term":[{"taxonomy":"category","embeddable":true,"href":"https:\/\/haberbesiktas.tr\/index.php?rest_route=%2Fwp%2Fv2%2Fcategories&post=17119"},{"taxonomy":"post_tag","embeddable":true,"href":"https:\/\/haberbesiktas.tr\/index.php?rest_route=%2Fwp%2Fv2%2Ftags&post=17119"}],"curies":[{"name":"wp","href":"https:\/\/api.w.org\/{rel}","templated":true}]}}